{"id":13421,"date":"2019-09-02T15:05:58","date_gmt":"2019-09-02T15:05:58","guid":{"rendered":"http:\/\/5lo.lublin.pl\/?p=13421"},"modified":"2019-10-31T23:28:07","modified_gmt":"2019-10-31T23:28:07","slug":"xxii-jesienne-debiuty-poetyckie","status":"publish","type":"post","link":"https:\/\/5lo.lublin.pl\/?p=13421","title":{"rendered":"XXII Jesienne Debiuty Poetyckie"},"content":{"rendered":"\n<h4 class=\"wp-block-heading\"><strong><em>XXII Jesienne Debiuty Poetyckie<\/em><\/strong><\/h4>\n\n\n\n<h4 class=\"wp-block-heading\"><strong>Og\u00f3lnopolski Przegl\u0105d Poezji<\/strong><\/h4>\n\n\n\n<h4 class=\"wp-block-heading\"><strong>pod patronatem Wydzia\u0142u Nauk Humanistycznych<\/strong><\/h4>\n\n\n\n<h4 class=\"wp-block-heading\"><strong>Katolickiego Uniwersytetu Lubelskiego Jana Paw\u0142a II<\/strong><\/h4>\n\n\n\n<p>Drodzy Uczniowie, Szanowni Go\u015bcie!<\/p>\n\n\n\n<p>Serdecznie zapraszamy do udzia\u0142u w XXII edycji Og\u00f3lnopolskiego Przegl\u0105du Poezji.<\/p>\n\n\n\n<p>Bardzo\nserdecznie zapraszamy do udzia\u0142u w&nbsp; <strong>XXII Jesiennych Debiutach Poetyckich <\/strong>uczni\u00f3w\nklas\nVIII szk\u00f3\u0142 podstawowych i lice\u00f3w z ca\u0142ej Polski, wolontariuszy i&nbsp;\npodopiecznych Fundacji Fuga Mundi w Lublinie.<\/p>\n\n\n\n<p>Po raz czwarty jest to\nog\u00f3lnopolski przegl\u0105d poezji&nbsp;&nbsp; <strong>pod\npatronatem Wydzia\u0142u Nauk Humanistycznych&nbsp;\nKatolickiego Uniwersytetu Lubelskiego Jana Paw\u0142a II<\/strong>.<\/p>\n\n\n\n<p>Organizatorami debiut\u00f3w,&nbsp; jak co roku, s\u0105: V LO w Lublinie, Wydzia\u0142 Nauk Humanistycznych KUL, Zwi\u0105zek Literat\u00f3w Polskich\/Oddzia\u0142 Lublin oraz Fundacja Fuga Mundi. Projekt odb\u0119dzie si\u0119 pod Honorowym Patronatem Wojewody Lubelskiego oraz Prezydenta Miasta Lublin.<\/p>\n\n\n\n<p>Termin nadsy\u0142ania i sk\u0142adania&nbsp; prac wraz z kartami uczestnictwa up\u0142ywa<strong> 30.09.2019 r. (pon.)<\/strong><\/p>\n\n\n\n<p><strong>Prace i karty zg\u0142oszenia nale\u017cy przesy\u0142a\u0107&nbsp; w formie elektronicznej w jednym dokumencie &nbsp;&nbsp;&nbsp;&nbsp;&nbsp;&nbsp; formatu Word, nazwanym imieniem i nazwiskiem uczestnika na adres:&nbsp;&nbsp; <\/strong>&nbsp;&nbsp;&nbsp;&nbsp;<\/p>\n\n\n\n<p><a href=\"mailto:jesiennedebiutypoetyckie@interia.pl\">jesiennedebiutypoetyckie@interia.pl<\/a><\/p>\n\n\n\n<p><strong>i<\/strong>&nbsp; <strong>w formie wydruk\u00f3w <\/strong>na adres: <strong>&nbsp;V Liceum Og\u00f3lnokszta\u0142c\u0105ce , ul. Lipowa 7, 20-020 Lublin<\/strong> <strong>z dopiskiem: <em>XXII Jesienne Debiuty Poetyckie<\/em><\/strong><\/p>\n\n\n\n<p>lub sk\u0142ada\u0107 osobi\u015bcie&nbsp; na r\u0119ce p. Marzeny Drozd, p. Renaty Sugier, p. Ryszarda Kotowskiego lub w sekretariacie V&nbsp; LO&nbsp;&nbsp; w Lublinie.<\/p>\n\n\n\n<p>Teksty niespe\u0142niaj\u0105ce powy\u017cszych warunk\u00f3w nie wezm\u0105 udzia\u0142u w kwalifikacji.<\/p>\n\n\n\n<p>Patronaty:<\/p>\n\n\n\n<p><strong><a rel=\"noreferrer noopener\" aria-label=\" (otwiera si\u0119 na nowej zak\u0142adce)\" href=\"https:\/\/5lo.lublin.pl\/pliki\/XXII_PatronatK.pdf\" target=\"_blank\">Lubelskiego Kuratora O\u015bwiaty<\/a><\/strong>   <strong><a href=\"https:\/\/5lo.lublin.pl\/pliki\/XXII_PatronatP.pdf\" target=\"_blank\" rel=\"noreferrer noopener\" aria-label=\" (otwiera si\u0119 na nowej zak\u0142adce)\">Prezydenta Miasta Lublin<\/a><\/strong> <\/p>\n\n\n\n<p>===========================================================<\/p>\n\n\n\n<p><strong><a href=\"https:\/\/5lo.lublin.pl\/pliki\/XXII_JDP_List_KartaZgloszenia_Regulamin.pdf\" target=\"_blank\" rel=\"noreferrer noopener\" aria-label=\" (otwiera si\u0119 na nowej zak\u0142adce)\">Regulamin konkursu i karta zg\u0142oszenia<\/a><\/strong><\/p>\n","protected":false},"excerpt":{"rendered":"<p>XXII Jesienne Debiuty Poetyckie Og\u00f3lnopolski Przegl\u0105d Poezji pod patronatem Wydzia\u0142u Nauk Humanistycznych Katolickiego Uniwersytetu Lubelskiego Jana Paw\u0142a II Drodzy Uczniowie, Szanowni Go\u015bcie! Serdecznie zapraszamy do udzia\u0142u w XXII edycji Og\u00f3lnopolskiego Przegl\u0105du Poezji. Bardzo serdecznie zapraszamy do udzia\u0142u w&nbsp; XXII Jesiennych Debiutach Poetyckich uczni\u00f3w klas VIII szk\u00f3\u0142 podstawowych i lice\u00f3w z ca\u0142ej Polski, wolontariuszy i&nbsp; podopiecznych [&hellip;]<\/p>\n","protected":false},"author":1,"featured_media":3536,"comment_status":"open","ping_status":"open","sticky":false,"template":"","format":"standard","meta":{"footnotes":""},"categories":[179,160,1,133],"tags":[],"_links":{"self":[{"href":"https:\/\/5lo.lublin.pl\/index.php?rest_route=\/wp\/v2\/posts\/13421"}],"collection":[{"href":"https:\/\/5lo.lublin.pl\/index.php?rest_route=\/wp\/v2\/posts"}],"about":[{"href":"https:\/\/5lo.lublin.pl\/index.php?rest_route=\/wp\/v2\/types\/post"}],"author":[{"embeddable":true,"href":"https:\/\/5lo.lublin.pl\/index.php?rest_route=\/wp\/v2\/users\/1"}],"replies":[{"embeddable":true,"href":"https:\/\/5lo.lublin.pl\/index.php?rest_route=%2Fwp%2Fv2%2Fcomments&post=13421"}],"version-history":[{"count":1,"href":"https:\/\/5lo.lublin.pl\/index.php?rest_route=\/wp\/v2\/posts\/13421\/revisions"}],"predecessor-version":[{"id":13577,"href":"https:\/\/5lo.lublin.pl\/index.php?rest_route=\/wp\/v2\/posts\/13421\/revisions\/13577"}],"wp:featuredmedia":[{"embeddable":true,"href":"https:\/\/5lo.lublin.pl\/index.php?rest_route=\/wp\/v2\/media\/3536"}],"wp:attachment":[{"href":"https:\/\/5lo.lublin.pl\/index.php?rest_route=%2Fwp%2Fv2%2Fmedia&parent=13421"}],"wp:term":[{"taxonomy":"category","embeddable":true,"href":"https:\/\/5lo.lublin.pl\/index.php?rest_route=%2Fwp%2Fv2%2Fcategories&post=13421"},{"taxonomy":"post_tag","embeddable":true,"href":"https:\/\/5lo.lublin.pl\/index.php?rest_route=%2Fwp%2Fv2%2Ftags&post=13421"}],"curies":[{"name":"wp","href":"https:\/\/api.w.org\/{rel}","templated":true}]}}