{"id":13349,"date":"2019-06-29T13:11:43","date_gmt":"2019-06-29T13:11:43","guid":{"rendered":"http:\/\/5lo.lublin.pl\/?p=13349"},"modified":"2019-07-03T13:19:26","modified_gmt":"2019-07-03T13:19:26","slug":"ogloszenie-list-zakwalifikowanych-do-szkol","status":"publish","type":"post","link":"https:\/\/5lo.lublin.pl\/?p=13349","title":{"rendered":"Og\u0142oszenie list zakwalifikowanych do szk\u00f3\u0142"},"content":{"rendered":"\n<p style=\"font-size:19px\"><strong>Drodzy Kandydaci, Szanowni Pa\u0144stwo,<\/strong><\/p>\n\n\n\n<p style=\"font-size:19px\"> W dniu <strong> 4 lipca 2019 roku o godz. 10<\/strong><sup><strong>00<\/strong><\/sup>  og\u0142oszone zostan\u0105 listy zakwalifikowanych do szk\u00f3\u0142 ponadpodstawowych oraz ponadgimnazjalnych. <\/p>\n\n\n\n<p style=\"font-size:19px\">Przypominamy, \u017ce z wynikami rekrutacji mo\u017cna zapozna\u0107 si\u0119:<\/p>\n\n\n\n<p style=\"font-size:19px\">&#8211; na listach wywieszonych w szko\u0142ach (jest to jedyna formalnie wi\u0105\u017c\u0105ca forma publikacji wynik\u00f3w rekrutacji),<\/p>\n\n\n\n<p style=\"font-size:19px\">&#8211; po zalogowaniu si\u0119 w systemie Nab\u00f3r na konto kandydata,<\/p>\n\n\n\n<p style=\"font-size:19px\">&#8211; za pomoc\u0105 bezp\u0142atnej aplikacji mobilnej eLO! (aplikacja sama poinformuje o wynikach niezw\u0142ocznie po ich opublikowaniu, link do aplikacji znajduje sie na stronie naboru  <a href=\"https:\/\/lubelszczyzna-pogim.edu.com.pl\/kandydat\">https:\/\/lubelszczyzna-pogim.edu.com.pl\/kandydat<\/a> lub <a href=\"https:\/\/lubelszczyzna-posp.edu.com.pl\/kandydat\">https:\/\/lubelszczyzna-posp.edu.com.pl\/kandydat<\/a>).<\/p>\n\n\n\n<p style=\"font-size:19px\">\n<strong>KANDYDACI\nPRZYJ\u0118CI DO V LO DOSTARCZAJ\u0104:<\/strong><\/p>\n\n\n\n<ul style=\"font-size:19px\"><li><strong>ORYGINA\u0141 <\/strong>\u015aWIADECTWA UKO\u0143CZENIA SZKO\u0141Y  PODSTAWOWEJ\/ GIMNAZJUM, <\/li><\/ul>\n\n\n\n<ul style=\"font-size:19px\"><li> <strong>ORYGINA\u0141 <\/strong>ZA\u015aWIADCZENIA O WYNIKACH EGZAMINU \u00d3SMOKLASISTY \/ EGZAMINU GIMNAZJALNEGO,<\/li><\/ul>\n\n\n\n<ul style=\"font-size:19px\"><li><strong>3 ZDJ\u0118CIA,<\/strong>\n<\/li><\/ul>\n\n\n\n<ul style=\"font-size:19px\"><li><strong>KART\u0118 ZDROWIA <\/strong>(je\u015bli\n\tzosta\u0142a wydana).\n<\/li><\/ul>\n\n\n\n<center><p style=\"font-size:19px\"><strong>Kandydat potwierdza wol\u0119 ucz\u0119szczania do szko\u0142y<br> od 4 lipca 2019 r. od godz. 10<\/strong><sup><strong>00<\/strong><\/sup><strong> do 8 lipca 2019 r. do godz. 14<\/strong><sup><strong>00<\/strong><\/sup>.<\/p><\/center>\n\n\n\n<center><p style=\"font-size:19px\"><strong>Kandydat\u00f3w po szkole podstawowej zapraszamy do sali 106.<\/strong><strong><br> Kandydat\u00f3w po gimnazjum zapraszamy do sali 105.<strong><\/strong><\/strong><\/p><\/center>\n\n\n\n<center><p style=\"font-size:19px\"><strong>Niedostarczenie orygina\u0142\u00f3w oznacza rezygnacj\u0119 z miejsca w szkole.<\/strong><\/p><\/center>\n\n\n<p><\/p>","protected":false},"excerpt":{"rendered":"<p>Drodzy Kandydaci, Szanowni Pa\u0144stwo, W dniu 4 lipca 2019 roku o godz. 1000 og\u0142oszone zostan\u0105 listy zakwalifikowanych do szk\u00f3\u0142 ponadpodstawowych oraz ponadgimnazjalnych. Przypominamy, \u017ce z wynikami rekrutacji mo\u017cna zapozna\u0107 si\u0119: &#8211; na listach wywieszonych w szko\u0142ach (jest to jedyna formalnie wi\u0105\u017c\u0105ca forma publikacji wynik\u00f3w rekrutacji), &#8211; po zalogowaniu si\u0119 w systemie Nab\u00f3r na konto kandydata, [&hellip;]<\/p>\n","protected":false},"author":23,"featured_media":12427,"comment_status":"closed","ping_status":"closed","sticky":false,"template":"","format":"standard","meta":{"footnotes":""},"categories":[1],"tags":[],"_links":{"self":[{"href":"https:\/\/5lo.lublin.pl\/index.php?rest_route=\/wp\/v2\/posts\/13349"}],"collection":[{"href":"https:\/\/5lo.lublin.pl\/index.php?rest_route=\/wp\/v2\/posts"}],"about":[{"href":"https:\/\/5lo.lublin.pl\/index.php?rest_route=\/wp\/v2\/types\/post"}],"author":[{"embeddable":true,"href":"https:\/\/5lo.lublin.pl\/index.php?rest_route=\/wp\/v2\/users\/23"}],"replies":[{"embeddable":true,"href":"https:\/\/5lo.lublin.pl\/index.php?rest_route=%2Fwp%2Fv2%2Fcomments&post=13349"}],"version-history":[{"count":1,"href":"https:\/\/5lo.lublin.pl\/index.php?rest_route=\/wp\/v2\/posts\/13349\/revisions"}],"predecessor-version":[{"id":13376,"href":"https:\/\/5lo.lublin.pl\/index.php?rest_route=\/wp\/v2\/posts\/13349\/revisions\/13376"}],"wp:featuredmedia":[{"embeddable":true,"href":"https:\/\/5lo.lublin.pl\/index.php?rest_route=\/wp\/v2\/media\/12427"}],"wp:attachment":[{"href":"https:\/\/5lo.lublin.pl\/index.php?rest_route=%2Fwp%2Fv2%2Fmedia&parent=13349"}],"wp:term":[{"taxonomy":"category","embeddable":true,"href":"https:\/\/5lo.lublin.pl\/index.php?rest_route=%2Fwp%2Fv2%2Fcategories&post=13349"},{"taxonomy":"post_tag","embeddable":true,"href":"https:\/\/5lo.lublin.pl\/index.php?rest_route=%2Fwp%2Fv2%2Ftags&post=13349"}],"curies":[{"name":"wp","href":"https:\/\/api.w.org\/{rel}","templated":true}]}}