{"id":13274,"date":"2019-06-24T18:51:12","date_gmt":"2019-06-24T18:51:12","guid":{"rendered":"http:\/\/5lo.lublin.pl\/?p=13274"},"modified":"2019-07-13T10:23:20","modified_gmt":"2019-07-13T10:23:20","slug":"spotkanie-prezydenta-miasta-lublin-z-uczniami-szkol-ponadgimnazjalnych-laureatami-konkursow-i-olimpiad","status":"publish","type":"post","link":"https:\/\/5lo.lublin.pl\/?p=13274","title":{"rendered":"Laureaci og\u00f3lnopolskich konkurs\u00f3w i olimpiad 2018\/2019"},"content":{"rendered":"<h6 style=\"line-height: 1cm;\">Spotkanie Prezydenta Miasta Lublin z laureatami i finalistami og\u00f3lnopolskich olimpiad, turniej\u00f3w i konkurs\u00f3w, uczniami szk\u00f3\u0142 ponadgimnazjalnych prowadzonych przez miasto Lublin, jak r\u00f3wnie\u017c przez inne podmioty, odby\u0142o si\u0119 13 czerwca 2019 r. w siedzibie Zespo\u0142u Szk\u00f3\u0142 nr 5 im. Jana Paw\u0142a II przy ul. J\u00f3zefa Elsnera 5. <\/h6>\n\n\n<ul class=\"wp-block-gallery columns-2 is-cropped wp-block-gallery-1 is-layout-flex wp-block-gallery-is-layout-flex\"><li class=\"blocks-gallery-item\"><figure><img loading=\"lazy\" decoding=\"async\" width=\"1000\" height=\"667\" src=\"https:\/\/5lo.lublin.pl\/wp-content\/uploads\/2019\/06\/DSC_0654mini.jpg\" alt=\"\" data-id=\"13286\" data-link=\"https:\/\/5lo.lublin.pl\/?attachment_id=13286\" class=\"wp-image-13286\" srcset=\"https:\/\/5lo.lublin.pl\/wp-content\/uploads\/2019\/06\/DSC_0654mini.jpg 1000w, https:\/\/5lo.lublin.pl\/wp-content\/uploads\/2019\/06\/DSC_0654mini-300x200.jpg 300w, https:\/\/5lo.lublin.pl\/wp-content\/uploads\/2019\/06\/DSC_0654mini-768x512.jpg 768w\" sizes=\"(max-width: 1000px) 100vw, 1000px\" \/><\/figure><\/li><li class=\"blocks-gallery-item\"><figure><img loading=\"lazy\" decoding=\"async\" width=\"1000\" height=\"667\" src=\"https:\/\/5lo.lublin.pl\/wp-content\/uploads\/2019\/06\/DSC_0657mini.jpg\" alt=\"\" data-id=\"13287\" data-link=\"https:\/\/5lo.lublin.pl\/?attachment_id=13287\" class=\"wp-image-13287\" srcset=\"https:\/\/5lo.lublin.pl\/wp-content\/uploads\/2019\/06\/DSC_0657mini.jpg 1000w, https:\/\/5lo.lublin.pl\/wp-content\/uploads\/2019\/06\/DSC_0657mini-300x200.jpg 300w, https:\/\/5lo.lublin.pl\/wp-content\/uploads\/2019\/06\/DSC_0657mini-768x512.jpg 768w\" sizes=\"(max-width: 1000px) 100vw, 1000px\" \/><\/figure><\/li><\/ul>\n\n\n\n<h6 class=\"wp-block-heading\">Zast\u0119pca Prezydenta Miasta Lublin dr Mariusz Banach wr\u0119czy\u0142 tegorocznym zwyci\u0119zcom nagrody ksi\u0105\u017ckowe i dyplomy, natomiast szko\u0142y otrzyma\u0142y pami\u0105tkowe dyplomy Prezydenta Miasta za wybitne osi\u0105gni\u0119cia dydaktyczne w roku szkolnym 2018\/2019.<\/h6>\n\n\n\n<div class=\"wp-block-image\"><figure class=\"aligncenter\"><img loading=\"lazy\" decoding=\"async\" width=\"211\" height=\"300\" src=\"https:\/\/5lo.lublin.pl\/wp-content\/uploads\/2019\/06\/D.olimpiady-1-211x300.png\" alt=\"\" class=\"wp-image-13292\" srcset=\"https:\/\/5lo.lublin.pl\/wp-content\/uploads\/2019\/06\/D.olimpiady-1-211x300.png 211w, https:\/\/5lo.lublin.pl\/wp-content\/uploads\/2019\/06\/D.olimpiady-1-768x1093.png 768w, https:\/\/5lo.lublin.pl\/wp-content\/uploads\/2019\/06\/D.olimpiady-1-719x1024.png 719w, https:\/\/5lo.lublin.pl\/wp-content\/uploads\/2019\/06\/D.olimpiady-1.png 897w\" sizes=\"(max-width: 211px) 100vw, 211px\" \/><\/figure><\/div>\n\n\n\n<h6 class=\"wp-block-heading\" style=\"text-align:center\"><strong>Kandydaci do wyr\u00f3\u017cnienia z V Liceum Og\u00f3lnokszta\u0142c\u0105cego im. Marii Sk\u0142odowskiej-Curie:<\/strong><\/h6>\n\n\n\n<table style=\" text-align: center; line-height: 1cm\">\n<tr>\n\t<td>Imi\u0119 i nazwisko ucznia<\/td>\n<td>Klasa<\/td>\n\t<td>Nazwa konkursu, olimpiady lub turnieju<\/td>\n<td>Imi\u0119 i Nazwisko nauczyciela-opiekuna ucznia<\/td>\n<\/tr>\n<tr>\n\t<td>Magdalena Szypulska<\/td>\n\t<td>III A<\/td>\n<td>XII Og\u00f3lnopolska Olimpiada \u201eO\u00a0Diamentowy Indeks AGH\u201d \u2013 laureatka z fizyki<\/td>\n<td>Joanna Mazur<\/td>\n<\/tr>\n<tr>\n\t<td>Patryk Kozak<\/td>\n\t<td>III H<\/td>\n<td>IV Og\u00f3lnopolska Olimpiada Wiedzy o Spo\u0142ecze\u0144stwie \u2013 laureat<\/td>\n<td>\u0141ukasz Kopytko<br>\nRyszard Kotowski<\/td>\n<\/tr>\n<tr>\n\t<td>Wojciech W\u00f3jcik<\/td>\n\t<td>III H<\/td>\n<td>XLV Og\u00f3lnopolska Olimpiada Historyczna \u2013 finalista<\/td>\n<td>Jaros\u0142aw Bonecki<\/td>\n<\/tr>\n<tr>\n\t<td>Aneta Barszcz<\/td>\n\t<td>I F<\/td>\n<td>Olimpiada Wiedzy o\u00a0Bezpiecze\u0144stwie i\u00a0Obronno\u015bci \u2013 laureatka<\/td>\n<td>Ryszard Kotowski<br>\nSylwia Sa\u0142\u0119gowska-Poniewozik<\/td>\n<\/tr>\n<tr>\n\t<td>Magdalena Barszcz<\/td>\n\t<td>III F<\/td>\n<td>VI Og\u00f3lnopolska Olimpiada Wiedzy o Prawach Cz\u0142owieka w \u015awiecie Wsp\u00f3\u0142czesnym \u2013 finalistka<\/td>\n<td>\u0141ukasz Kopytko<br>\nRyszard Kotowski<\/td>\n<\/tr>\n<tr>\n\t<td>Magdalena Barszcz<\/td>\n\t<td>III F<\/td>\n<td>VII Og\u00f3lnopolska Olimpiada Wiedzy o III RP &#8211; finalistka<\/td>\n<td>\u0141ukasz Kopytko<br>\nRyszard Kotowski<\/td>\n<\/tr>\n<tr>\n\t<td>Magdalena Barszcz<\/td>\n\t<td>III F<\/td>\n<td>VI Og\u00f3lnopolska Olimpiada Wiedzy o Unii Europejskiej \u2013 finalistka<\/td>\n<td>\u0141ukasz Kopytko<br>\nRyszard Kotowski<\/td>\n<\/tr>\n<tr>\n\t<td>Arkadiusz Go\u0142\u0119biowski<\/td>\n\t<td>III F<\/td>\n<td>XII Og\u00f3lnopolska Olimpiada \u201eO\u00a0Diamentowy Indeks AGH\u201d \u2013 finalista z geografii z elementami geologii<\/td>\n<td>Kamila Jarosz<\/td>\n<\/tr>\n<tr>\n\t<td>Arkadiusz Go\u0142\u0119biowski<\/td>\n\t<td>III F<\/td>\n<td>IV Edycja Konkursu Wiedzy o\u00a0Gospodarce Przestrzennej pt.\u00a0\u201eZaplanuj swoj\u0105 przestrze\u0144\u201d &#8211; laureat<\/td>\n<td>Agata K\u0119pka<\/td>\n<\/tr>\n<tr>\n\t<td>Anna Kny\u015b<\/td>\n\t<td>III B<\/td>\n<td>XII Og\u00f3lnopolska Olimpiada \u201eO\u00a0Diamentowy Indeks AGH\u201d \u2013 finalistka z matematyki<\/td>\n<td>Edyta Sadowska<\/td>\n<\/tr>\n\n<tr>\n\t<td>Patryk Kozak<\/td>\n\t<td>III H<\/td>\n<td>VII Og\u00f3lnopolska Olimpiada Wiedzy o III RP &#8211; finalista<\/td>\n<td>\u0141ukasz Kopytko<br>\nRyszard Kotowski<\/td>\n<\/tr>\n<tr>\n\t<td>Karolina Pidek<\/td>\n\t<td>II D<\/td>\n<td>XXXIV Olimpiada Wiedzy Ekologicznej &#8211; finalistka<\/td>\n<td>Agnieszka Przybycie\u0144-Sioma<\/td>\n<\/tr>\n<\/table>\n\n\n\n<p><h6 style=\" line-height: 1cm\">Serdecznie gratulujemy uczniom i ich opiekunom sukces\u00f3w osi\u0105gni\u0119tych w roku szkolnym 2018\/2019.<\/h6><\/p>\n","protected":false},"excerpt":{"rendered":"<p>Spotkanie Prezydenta Miasta Lublin z laureatami i finalistami og\u00f3lnopolskich olimpiad, turniej\u00f3w i konkurs\u00f3w, uczniami szk\u00f3\u0142 ponadgimnazjalnych prowadzonych przez miasto Lublin, jak r\u00f3wnie\u017c przez inne podmioty, odby\u0142o si\u0119 13 czerwca 2019 r. w siedzibie Zespo\u0142u Szk\u00f3\u0142 nr 5 im. Jana Paw\u0142a II przy ul. J\u00f3zefa Elsnera 5. Zast\u0119pca Prezydenta Miasta Lublin dr Mariusz Banach wr\u0119czy\u0142 tegorocznym [&hellip;]<\/p>\n","protected":false},"author":23,"featured_media":13273,"comment_status":"open","ping_status":"open","sticky":false,"template":"","format":"standard","meta":{"footnotes":""},"categories":[134],"tags":[],"_links":{"self":[{"href":"https:\/\/5lo.lublin.pl\/index.php?rest_route=\/wp\/v2\/posts\/13274"}],"collection":[{"href":"https:\/\/5lo.lublin.pl\/index.php?rest_route=\/wp\/v2\/posts"}],"about":[{"href":"https:\/\/5lo.lublin.pl\/index.php?rest_route=\/wp\/v2\/types\/post"}],"author":[{"embeddable":true,"href":"https:\/\/5lo.lublin.pl\/index.php?rest_route=\/wp\/v2\/users\/23"}],"replies":[{"embeddable":true,"href":"https:\/\/5lo.lublin.pl\/index.php?rest_route=%2Fwp%2Fv2%2Fcomments&post=13274"}],"version-history":[{"count":2,"href":"https:\/\/5lo.lublin.pl\/index.php?rest_route=\/wp\/v2\/posts\/13274\/revisions"}],"predecessor-version":[{"id":15274,"href":"https:\/\/5lo.lublin.pl\/index.php?rest_route=\/wp\/v2\/posts\/13274\/revisions\/15274"}],"wp:featuredmedia":[{"embeddable":true,"href":"https:\/\/5lo.lublin.pl\/index.php?rest_route=\/wp\/v2\/media\/13273"}],"wp:attachment":[{"href":"https:\/\/5lo.lublin.pl\/index.php?rest_route=%2Fwp%2Fv2%2Fmedia&parent=13274"}],"wp:term":[{"taxonomy":"category","embeddable":true,"href":"https:\/\/5lo.lublin.pl\/index.php?rest_route=%2Fwp%2Fv2%2Fcategories&post=13274"},{"taxonomy":"post_tag","embeddable":true,"href":"https:\/\/5lo.lublin.pl\/index.php?rest_route=%2Fwp%2Fv2%2Ftags&post=13274"}],"curies":[{"name":"wp","href":"https:\/\/api.w.org\/{rel}","templated":true}]}}