{"id":12765,"date":"2019-06-11T15:52:20","date_gmt":"2019-06-11T15:52:20","guid":{"rendered":"http:\/\/5lo.lublin.pl\/?p=12765"},"modified":"2019-06-11T15:52:23","modified_gmt":"2019-06-11T15:52:23","slug":"majowy-numer-lipy-2","status":"publish","type":"post","link":"https:\/\/5lo.lublin.pl\/?p=12765","title":{"rendered":"Majowy numer &#8222;Lipy&#8221;"},"content":{"rendered":"\n<p>Witamy w majowym wydaniu \u201eLipy\u201d, kt\u00f3rej tym razem, motywem\nprzewodnim zosta\u0142a ekologia. W tym numerze dowiecie si\u0119 mi\u0119dzy innymi, jak\nma\u0142ymi kroczkami zacz\u0105\u0107 bardziej oszcz\u0119dne \u017cycie. Chcemy Was zach\u0119ci\u0107, \u017ceby\u015bcie\nograniczyli zu\u017cycie plastiku do minimum, poniewa\u017c to, w jakim \u015bwiecie przyjdzie\n\u017cy\u0107 nam i naszym dzieciom, zale\u017cy tylko i od nas samych. Nie zabraknie te\u017c\npodsumowania wymiany z M\u0142odzie\u017c\u0105 z Bielefeld i relacji z Juwenali\u00f3w.<\/p>\n\n\n\n<p>Zapraszamy do lektury!<\/p>\n\n\n\n<p>Redakcja<\/p>\n\n\n\n<p><a href=\"https:\/\/5lo.lublin.pl\/pliki\/lipa_201905.pdf\" target=\"_blank\" rel=\"noreferrer noopener\" aria-label=\"Zobacz najnowszy numer &quot;Lipy&quot; (otwiera si\u0119 na nowej zak\u0142adce)\">Zobacz najnowszy numer &#8222;Lipy&#8221;<\/a><\/p>\n","protected":false},"excerpt":{"rendered":"<p>Witamy w majowym wydaniu \u201eLipy\u201d, kt\u00f3rej tym razem, motywem przewodnim zosta\u0142a ekologia. W tym numerze dowiecie si\u0119 mi\u0119dzy innymi, jak ma\u0142ymi kroczkami zacz\u0105\u0107 bardziej oszcz\u0119dne \u017cycie. Chcemy Was zach\u0119ci\u0107, \u017ceby\u015bcie ograniczyli zu\u017cycie plastiku do minimum, poniewa\u017c to, w jakim \u015bwiecie przyjdzie \u017cy\u0107 nam i naszym dzieciom, zale\u017cy tylko i od nas samych. Nie zabraknie te\u017c [&hellip;]<\/p>\n","protected":false},"author":1,"featured_media":12767,"comment_status":"open","ping_status":"open","sticky":false,"template":"","format":"standard","meta":{"footnotes":""},"categories":[137,1],"tags":[],"_links":{"self":[{"href":"https:\/\/5lo.lublin.pl\/index.php?rest_route=\/wp\/v2\/posts\/12765"}],"collection":[{"href":"https:\/\/5lo.lublin.pl\/index.php?rest_route=\/wp\/v2\/posts"}],"about":[{"href":"https:\/\/5lo.lublin.pl\/index.php?rest_route=\/wp\/v2\/types\/post"}],"author":[{"embeddable":true,"href":"https:\/\/5lo.lublin.pl\/index.php?rest_route=\/wp\/v2\/users\/1"}],"replies":[{"embeddable":true,"href":"https:\/\/5lo.lublin.pl\/index.php?rest_route=%2Fwp%2Fv2%2Fcomments&post=12765"}],"version-history":[{"count":1,"href":"https:\/\/5lo.lublin.pl\/index.php?rest_route=\/wp\/v2\/posts\/12765\/revisions"}],"predecessor-version":[{"id":12766,"href":"https:\/\/5lo.lublin.pl\/index.php?rest_route=\/wp\/v2\/posts\/12765\/revisions\/12766"}],"wp:featuredmedia":[{"embeddable":true,"href":"https:\/\/5lo.lublin.pl\/index.php?rest_route=\/wp\/v2\/media\/12767"}],"wp:attachment":[{"href":"https:\/\/5lo.lublin.pl\/index.php?rest_route=%2Fwp%2Fv2%2Fmedia&parent=12765"}],"wp:term":[{"taxonomy":"category","embeddable":true,"href":"https:\/\/5lo.lublin.pl\/index.php?rest_route=%2Fwp%2Fv2%2Fcategories&post=12765"},{"taxonomy":"post_tag","embeddable":true,"href":"https:\/\/5lo.lublin.pl\/index.php?rest_route=%2Fwp%2Fv2%2Ftags&post=12765"}],"curies":[{"name":"wp","href":"https:\/\/api.w.org\/{rel}","templated":true}]}}