{"id":12762,"date":"2019-03-08T15:45:11","date_gmt":"2019-03-08T15:45:11","guid":{"rendered":"http:\/\/5lo.lublin.pl\/?p=12762"},"modified":"2019-06-11T15:55:50","modified_gmt":"2019-06-11T15:55:50","slug":"marcowy-numer-lipy-3","status":"publish","type":"post","link":"https:\/\/5lo.lublin.pl\/?p=12762","title":{"rendered":"Marcowy numer &#8222;Lipy&#8221;"},"content":{"rendered":"\n<p>Witamy serdecznie w pierwszym tego roku kalendarzowego,\nwalentynkowym wydaniu \u201eLipy\u201d. W tym numerze b\u0119dziecie mogli przeczyta\u0107 o filmie\nGreen Book &#8211; niedawno nagrodzonym Oscarem m.in. w kategorii Najlepszy Film,\ndowiedzie\u0107 si\u0119: co uczniowie V LO my\u015bl\u0105 o mi\u0142o\u015bci, a tak\u017ce dlaczego jedna z\nuczennic zakocha\u0142a si\u0119 w naszej szkole i poleca j\u0105 z ca\u0142ego serca tegorocznym\nkandydatom do klas pierwszych. Zach\u0119camy wszystkich do lektury i \u017cyczymy Wam\ndu\u017co mi\u0142o\u015bci, takiej bezinteresownej i oddanej, bo tak jak m\u00f3wi\u0142 Paulo Coelho:\n\u201eKocha si\u0119 za nic. Nie istnieje \u017caden pow\u00f3d do mi\u0142o\u015bci\u201d.<\/p>\n\n\n\n<p>Kinga Skoczylas IH<\/p>\n\n\n\n<p><a href=\"https:\/\/5lo.lublin.pl\/pliki\/lipa_201903.pdf\" target=\"_blank\" rel=\"noreferrer noopener\" aria-label=\" (otwiera si\u0119 na nowej zak\u0142adce)\">Zobacz ca\u0142y najnowszy numer &#8222;Lipy&#8221;<\/a><\/p>\n","protected":false},"excerpt":{"rendered":"<p>Witamy serdecznie w pierwszym tego roku kalendarzowego, walentynkowym wydaniu \u201eLipy\u201d. W tym numerze b\u0119dziecie mogli przeczyta\u0107 o filmie Green Book &#8211; niedawno nagrodzonym Oscarem m.in. w kategorii Najlepszy Film, dowiedzie\u0107 si\u0119: co uczniowie V LO my\u015bl\u0105 o mi\u0142o\u015bci, a tak\u017ce dlaczego jedna z uczennic zakocha\u0142a si\u0119 w naszej szkole i poleca j\u0105 z ca\u0142ego serca [&hellip;]<\/p>\n","protected":false},"author":1,"featured_media":12761,"comment_status":"open","ping_status":"open","sticky":false,"template":"","format":"standard","meta":{"footnotes":""},"categories":[137],"tags":[],"_links":{"self":[{"href":"https:\/\/5lo.lublin.pl\/index.php?rest_route=\/wp\/v2\/posts\/12762"}],"collection":[{"href":"https:\/\/5lo.lublin.pl\/index.php?rest_route=\/wp\/v2\/posts"}],"about":[{"href":"https:\/\/5lo.lublin.pl\/index.php?rest_route=\/wp\/v2\/types\/post"}],"author":[{"embeddable":true,"href":"https:\/\/5lo.lublin.pl\/index.php?rest_route=\/wp\/v2\/users\/1"}],"replies":[{"embeddable":true,"href":"https:\/\/5lo.lublin.pl\/index.php?rest_route=%2Fwp%2Fv2%2Fcomments&post=12762"}],"version-history":[{"count":1,"href":"https:\/\/5lo.lublin.pl\/index.php?rest_route=\/wp\/v2\/posts\/12762\/revisions"}],"predecessor-version":[{"id":12769,"href":"https:\/\/5lo.lublin.pl\/index.php?rest_route=\/wp\/v2\/posts\/12762\/revisions\/12769"}],"wp:featuredmedia":[{"embeddable":true,"href":"https:\/\/5lo.lublin.pl\/index.php?rest_route=\/wp\/v2\/media\/12761"}],"wp:attachment":[{"href":"https:\/\/5lo.lublin.pl\/index.php?rest_route=%2Fwp%2Fv2%2Fmedia&parent=12762"}],"wp:term":[{"taxonomy":"category","embeddable":true,"href":"https:\/\/5lo.lublin.pl\/index.php?rest_route=%2Fwp%2Fv2%2Fcategories&post=12762"},{"taxonomy":"post_tag","embeddable":true,"href":"https:\/\/5lo.lublin.pl\/index.php?rest_route=%2Fwp%2Fv2%2Ftags&post=12762"}],"curies":[{"name":"wp","href":"https:\/\/api.w.org\/{rel}","templated":true}]}}