{"id":12722,"date":"2019-06-01T08:53:55","date_gmt":"2019-06-01T08:53:55","guid":{"rendered":"http:\/\/5lo.lublin.pl\/?p=12722"},"modified":"2019-06-04T08:55:15","modified_gmt":"2019-06-04T08:55:15","slug":"piatkowe-tenisistki-w-polsce","status":"publish","type":"post","link":"https:\/\/5lo.lublin.pl\/?p=12722","title":{"rendered":"Pi\u0105tkowe Tenisistki w Polsce!"},"content":{"rendered":"\n<p>Dnia 27 maja 2019 roku rozpocz\u0105\u0142 si\u0119 Og\u00f3lnopolski Turniej Tenisa Sto\u0142owego &#8211; Licealiada 2019. Nasz\u0105 szko\u0142\u0119 reprezentowa\u0142a Aleksandra Osuch z klasy I h oraz Gabriela Jakoniuk z klasy I e. Dziewcz\u0119ta, aby mog\u0142y wystartowa\u0107 w turnieju musia\u0142y wygra\u0107 Mistrzostwa Miasta Lublin oraz Mistrzostwa Wojew\u00f3dztwa co jak mo\u017cemy si\u0119 domy\u015bla\u0107 zako\u0144czy\u0142o si\u0119 sukcesem. Uczennice naszej szko\u0142y uda\u0142y si\u0119 do Zielonej G\u00f3ry-Drzonkowa, aby spr\u00f3bowa\u0107 swoich si\u0142 w rywalizacji z najlepszymi tenisistkami w Polsce. Turniej zako\u0144czy\u0142 si\u0119 29 maja, zosta\u0142y rozegrane ostatnie mecze i mia\u0142o miejsce uroczyste podsumowanie. Dziewcz\u0119ta wywalczy\u0142y 7 miejsce w Polsce co jest naszym zdaniem ogromnym sukcesem! Ze wszystkich uczestnik\u00f3w by\u0142y najm\u0142odsze, co zas\u0142uguje na jeszcze ni\u017cszy uk\u0142on w ich stron\u0119. Serdecznie gratulujemy i \u017cyczymy dalszych sukces\u00f3w! Jeste\u015bmy dumni, \u017ce w\u015br\u00f3d uczni\u00f3w naszej szko\u0142y mamy tak zdolnych sportowc\u00f3w. <\/p>\n\n\n<div id=\"metaslider-id-12696\" style=\"max-width: 600px; margin: 0 auto;\" class=\"ml-slider-3-62-0 metaslider metaslider-flex metaslider-12696 ml-slider ms-theme-disjoint nav-hidden\" role=\"region\" aria-roledescription=\"Slideshow\" aria-label=\"TS 2019\">\n    <div id=\"metaslider_container_12696\">\n        <div id=\"metaslider_12696\" class=\"flexslider\">\n            <ul aria-live=\"polite\" class=\"slides\">\n                <li style=\"display: block; width: 100%;\" class=\"slide-12730 ms-image \" aria-roledescription=\"slide\" aria-label=\"slide-12730\"><img loading=\"lazy\" decoding=\"async\" src=\"https:\/\/5lo.lublin.pl\/wp-content\/uploads\/2019\/06\/IMG_20190528_084334_resized_20190604_090203473-600x800.jpg\" height=\"800\" width=\"600\" alt=\"\" class=\"slider-12696 slide-12730\" title=\"IMG_20190528_084334_resized_20190604_090203473\" \/><\/li>\n                <li style=\"display: none; width: 100%;\" class=\"slide-12736 ms-image \" aria-roledescription=\"slide\" aria-label=\"slide-12736\"><img loading=\"lazy\" decoding=\"async\" src=\"https:\/\/5lo.lublin.pl\/wp-content\/uploads\/2019\/06\/IMG_20190528_163833_resized_20190604_090202063-600x800.jpg\" height=\"800\" width=\"600\" alt=\"\" class=\"slider-12696 slide-12736\" title=\"IMG_20190528_163833_resized_20190604_090202063\" \/><\/li>\n                <li style=\"display: none; width: 100%;\" class=\"slide-12731 ms-image \" aria-roledescription=\"slide\" aria-label=\"slide-12731\"><img loading=\"lazy\" decoding=\"async\" src=\"https:\/\/5lo.lublin.pl\/wp-content\/uploads\/2019\/06\/IMG_20190529_114209_resized_20190604_090206780-600x800.jpg\" height=\"800\" width=\"600\" alt=\"\" class=\"slider-12696 slide-12731\" title=\"IMG_20190529_114209_resized_20190604_090206780\" \/><\/li>\n                <li style=\"display: none; width: 100%;\" class=\"slide-12732 ms-image \" aria-roledescription=\"slide\" aria-label=\"slide-12732\"><img loading=\"lazy\" decoding=\"async\" src=\"https:\/\/5lo.lublin.pl\/wp-content\/uploads\/2019\/06\/IMG_20190529_115026_resized_20190604_090205547-e1559638418277-600x800.jpg\" height=\"800\" width=\"600\" alt=\"\" class=\"slider-12696 slide-12732\" title=\"IMG_20190529_115026_resized_20190604_090205547\" \/><\/li>\n            <\/ul>\n        <\/div>\n        \n    <\/div>\n<\/div>\n","protected":false},"excerpt":{"rendered":"<p>Dnia 27 maja 2019 roku rozpocz\u0105\u0142 si\u0119 Og\u00f3lnopolski Turniej Tenisa Sto\u0142owego &#8211; Licealiada 2019. Nasz\u0105 szko\u0142\u0119 reprezentowa\u0142a Aleksandra Osuch z klasy I h oraz Gabriela Jakoniuk z klasy I e. Dziewcz\u0119ta, aby mog\u0142y wystartowa\u0107 w turnieju musia\u0142y wygra\u0107 Mistrzostwa Miasta Lublin oraz Mistrzostwa Wojew\u00f3dztwa co jak mo\u017cemy si\u0119 domy\u015bla\u0107 zako\u0144czy\u0142o si\u0119 sukcesem. Uczennice naszej szko\u0142y [&hellip;]<\/p>\n","protected":false},"author":12,"featured_media":12726,"comment_status":"open","ping_status":"open","sticky":false,"template":"","format":"standard","meta":{"footnotes":""},"categories":[136,138,133],"tags":[],"_links":{"self":[{"href":"https:\/\/5lo.lublin.pl\/index.php?rest_route=\/wp\/v2\/posts\/12722"}],"collection":[{"href":"https:\/\/5lo.lublin.pl\/index.php?rest_route=\/wp\/v2\/posts"}],"about":[{"href":"https:\/\/5lo.lublin.pl\/index.php?rest_route=\/wp\/v2\/types\/post"}],"author":[{"embeddable":true,"href":"https:\/\/5lo.lublin.pl\/index.php?rest_route=\/wp\/v2\/users\/12"}],"replies":[{"embeddable":true,"href":"https:\/\/5lo.lublin.pl\/index.php?rest_route=%2Fwp%2Fv2%2Fcomments&post=12722"}],"version-history":[{"count":1,"href":"https:\/\/5lo.lublin.pl\/index.php?rest_route=\/wp\/v2\/posts\/12722\/revisions"}],"predecessor-version":[{"id":12734,"href":"https:\/\/5lo.lublin.pl\/index.php?rest_route=\/wp\/v2\/posts\/12722\/revisions\/12734"}],"wp:featuredmedia":[{"embeddable":true,"href":"https:\/\/5lo.lublin.pl\/index.php?rest_route=\/wp\/v2\/media\/12726"}],"wp:attachment":[{"href":"https:\/\/5lo.lublin.pl\/index.php?rest_route=%2Fwp%2Fv2%2Fmedia&parent=12722"}],"wp:term":[{"taxonomy":"category","embeddable":true,"href":"https:\/\/5lo.lublin.pl\/index.php?rest_route=%2Fwp%2Fv2%2Fcategories&post=12722"},{"taxonomy":"post_tag","embeddable":true,"href":"https:\/\/5lo.lublin.pl\/index.php?rest_route=%2Fwp%2Fv2%2Ftags&post=12722"}],"curies":[{"name":"wp","href":"https:\/\/api.w.org\/{rel}","templated":true}]}}