{"id":12715,"date":"2019-05-30T07:46:51","date_gmt":"2019-05-30T07:46:51","guid":{"rendered":"http:\/\/5lo.lublin.pl\/?p=12715"},"modified":"2019-05-30T07:47:31","modified_gmt":"2019-05-30T07:47:31","slug":"uwaga-uczniowie","status":"publish","type":"post","link":"https:\/\/5lo.lublin.pl\/?p=12715","title":{"rendered":"Uwaga Uczniowie"},"content":{"rendered":"\n<p>  <br>Prosimy o rozliczenie si\u0119 z bibliotek\u0105 szkoln\u0105 i zwrot ksi\u0105\u017cek <strong>do 10 czerwca br. <\/strong> Po tym terminie b\u0119d\u0105 mo\u017cliwe wypo\u017cyczenia tylko na bie\u017c\u0105ce lekcje. <\/p>\n","protected":false},"excerpt":{"rendered":"<p>Prosimy o rozliczenie si\u0119 z bibliotek\u0105 szkoln\u0105 i zwrot ksi\u0105\u017cek do 10 czerwca br. Po tym terminie b\u0119d\u0105 mo\u017cliwe wypo\u017cyczenia tylko na bie\u017c\u0105ce lekcje.<\/p>\n","protected":false},"author":145,"featured_media":12714,"comment_status":"open","ping_status":"open","sticky":false,"template":"","format":"standard","meta":{"footnotes":""},"categories":[222,1],"tags":[],"_links":{"self":[{"href":"https:\/\/5lo.lublin.pl\/index.php?rest_route=\/wp\/v2\/posts\/12715"}],"collection":[{"href":"https:\/\/5lo.lublin.pl\/index.php?rest_route=\/wp\/v2\/posts"}],"about":[{"href":"https:\/\/5lo.lublin.pl\/index.php?rest_route=\/wp\/v2\/types\/post"}],"author":[{"embeddable":true,"href":"https:\/\/5lo.lublin.pl\/index.php?rest_route=\/wp\/v2\/users\/145"}],"replies":[{"embeddable":true,"href":"https:\/\/5lo.lublin.pl\/index.php?rest_route=%2Fwp%2Fv2%2Fcomments&post=12715"}],"version-history":[{"count":1,"href":"https:\/\/5lo.lublin.pl\/index.php?rest_route=\/wp\/v2\/posts\/12715\/revisions"}],"predecessor-version":[{"id":12717,"href":"https:\/\/5lo.lublin.pl\/index.php?rest_route=\/wp\/v2\/posts\/12715\/revisions\/12717"}],"wp:featuredmedia":[{"embeddable":true,"href":"https:\/\/5lo.lublin.pl\/index.php?rest_route=\/wp\/v2\/media\/12714"}],"wp:attachment":[{"href":"https:\/\/5lo.lublin.pl\/index.php?rest_route=%2Fwp%2Fv2%2Fmedia&parent=12715"}],"wp:term":[{"taxonomy":"category","embeddable":true,"href":"https:\/\/5lo.lublin.pl\/index.php?rest_route=%2Fwp%2Fv2%2Fcategories&post=12715"},{"taxonomy":"post_tag","embeddable":true,"href":"https:\/\/5lo.lublin.pl\/index.php?rest_route=%2Fwp%2Fv2%2Ftags&post=12715"}],"curies":[{"name":"wp","href":"https:\/\/api.w.org\/{rel}","templated":true}]}}