{"id":12674,"date":"2019-05-23T06:53:43","date_gmt":"2019-05-23T06:53:43","guid":{"rendered":"http:\/\/5lo.lublin.pl\/?p=12674"},"modified":"2019-05-23T06:54:51","modified_gmt":"2019-05-23T06:54:51","slug":"kolor-zielony","status":"publish","type":"post","link":"https:\/\/5lo.lublin.pl\/?p=12674","title":{"rendered":"Kolor zielony"},"content":{"rendered":"\n<p>Po raz kolejny biblioteka szkolna promuje sw\u00f3j ksi\u0119gozbi\u00f3r. Tym razem mo\u017cna w szczeg\u00f3lny spos\u00f3b zapozna\u0107 si\u0119 z literatur\u0105, w kt\u00f3rej przewodnim tematem jest kolor zielony. Pami\u0119tajmy, \u017ce ten kolor jest obecny nie tylko w przyrodzie. <\/p>\n\n\n\n<p>Zapraszamy do biblioteki.<\/p>\n\n\n\n<figure class=\"wp-block-image\"><img loading=\"lazy\" decoding=\"async\" width=\"1024\" height=\"458\" src=\"https:\/\/5lo.lublin.pl\/wp-content\/uploads\/2019\/05\/IMG_2958-e1558593874260-1024x458.jpg\" alt=\"\" class=\"wp-image-12673\" srcset=\"https:\/\/5lo.lublin.pl\/wp-content\/uploads\/2019\/05\/IMG_2958-e1558593874260-1024x458.jpg 1024w, https:\/\/5lo.lublin.pl\/wp-content\/uploads\/2019\/05\/IMG_2958-e1558593874260-300x134.jpg 300w, https:\/\/5lo.lublin.pl\/wp-content\/uploads\/2019\/05\/IMG_2958-e1558593874260-768x344.jpg 768w, https:\/\/5lo.lublin.pl\/wp-content\/uploads\/2019\/05\/IMG_2958-e1558593874260.jpg 1600w\" sizes=\"(max-width: 1024px) 100vw, 1024px\" \/><\/figure>\n\n\n\n<figure class=\"wp-block-image\"><img loading=\"lazy\" decoding=\"async\" width=\"1024\" height=\"614\" src=\"https:\/\/5lo.lublin.pl\/wp-content\/uploads\/2019\/05\/IMG_2956-e1558593942178-1024x614.jpg\" alt=\"\" class=\"wp-image-12672\" srcset=\"https:\/\/5lo.lublin.pl\/wp-content\/uploads\/2019\/05\/IMG_2956-e1558593942178-1024x614.jpg 1024w, https:\/\/5lo.lublin.pl\/wp-content\/uploads\/2019\/05\/IMG_2956-e1558593942178-300x180.jpg 300w, https:\/\/5lo.lublin.pl\/wp-content\/uploads\/2019\/05\/IMG_2956-e1558593942178-768x461.jpg 768w, https:\/\/5lo.lublin.pl\/wp-content\/uploads\/2019\/05\/IMG_2956-e1558593942178.jpg 1600w\" sizes=\"(max-width: 1024px) 100vw, 1024px\" \/><\/figure>\n\n\n\n<figure class=\"wp-block-image\"><img loading=\"lazy\" decoding=\"async\" width=\"1024\" height=\"706\" src=\"https:\/\/5lo.lublin.pl\/wp-content\/uploads\/2019\/05\/IMG_2955-e1558594001593-1024x706.jpg\" alt=\"\" class=\"wp-image-12671\" srcset=\"https:\/\/5lo.lublin.pl\/wp-content\/uploads\/2019\/05\/IMG_2955-e1558594001593-1024x706.jpg 1024w, https:\/\/5lo.lublin.pl\/wp-content\/uploads\/2019\/05\/IMG_2955-e1558594001593-300x207.jpg 300w, https:\/\/5lo.lublin.pl\/wp-content\/uploads\/2019\/05\/IMG_2955-e1558594001593-768x529.jpg 768w, https:\/\/5lo.lublin.pl\/wp-content\/uploads\/2019\/05\/IMG_2955-e1558594001593.jpg 1600w\" sizes=\"(max-width: 1024px) 100vw, 1024px\" \/><\/figure>\n","protected":false},"excerpt":{"rendered":"<p>Po raz kolejny biblioteka szkolna promuje sw\u00f3j ksi\u0119gozbi\u00f3r. Tym razem mo\u017cna w szczeg\u00f3lny spos\u00f3b zapozna\u0107 si\u0119 z literatur\u0105, w kt\u00f3rej przewodnim tematem jest kolor zielony. Pami\u0119tajmy, \u017ce ten kolor jest obecny nie tylko w przyrodzie. Zapraszamy do biblioteki.<\/p>\n","protected":false},"author":145,"featured_media":12673,"comment_status":"open","ping_status":"open","sticky":false,"template":"","format":"standard","meta":{"footnotes":""},"categories":[222,133],"tags":[],"_links":{"self":[{"href":"https:\/\/5lo.lublin.pl\/index.php?rest_route=\/wp\/v2\/posts\/12674"}],"collection":[{"href":"https:\/\/5lo.lublin.pl\/index.php?rest_route=\/wp\/v2\/posts"}],"about":[{"href":"https:\/\/5lo.lublin.pl\/index.php?rest_route=\/wp\/v2\/types\/post"}],"author":[{"embeddable":true,"href":"https:\/\/5lo.lublin.pl\/index.php?rest_route=\/wp\/v2\/users\/145"}],"replies":[{"embeddable":true,"href":"https:\/\/5lo.lublin.pl\/index.php?rest_route=%2Fwp%2Fv2%2Fcomments&post=12674"}],"version-history":[{"count":1,"href":"https:\/\/5lo.lublin.pl\/index.php?rest_route=\/wp\/v2\/posts\/12674\/revisions"}],"predecessor-version":[{"id":12675,"href":"https:\/\/5lo.lublin.pl\/index.php?rest_route=\/wp\/v2\/posts\/12674\/revisions\/12675"}],"wp:featuredmedia":[{"embeddable":true,"href":"https:\/\/5lo.lublin.pl\/index.php?rest_route=\/wp\/v2\/media\/12673"}],"wp:attachment":[{"href":"https:\/\/5lo.lublin.pl\/index.php?rest_route=%2Fwp%2Fv2%2Fmedia&parent=12674"}],"wp:term":[{"taxonomy":"category","embeddable":true,"href":"https:\/\/5lo.lublin.pl\/index.php?rest_route=%2Fwp%2Fv2%2Fcategories&post=12674"},{"taxonomy":"post_tag","embeddable":true,"href":"https:\/\/5lo.lublin.pl\/index.php?rest_route=%2Fwp%2Fv2%2Ftags&post=12674"}],"curies":[{"name":"wp","href":"https:\/\/api.w.org\/{rel}","templated":true}]}}