{"id":12408,"date":"2019-05-06T07:30:27","date_gmt":"2019-05-06T07:30:27","guid":{"rendered":"http:\/\/5lo.lublin.pl\/?p=12408"},"modified":"2019-05-06T17:00:49","modified_gmt":"2019-05-06T17:00:49","slug":"rekrutacja-do-v-lo","status":"publish","type":"post","link":"https:\/\/5lo.lublin.pl\/?p=12408","title":{"rendered":"Rekrutacja"},"content":{"rendered":"\n<p class=\"has-medium-font-size\">Przyjmowanie dokument\u00f3w rekrutacyjnych do V LO odbywa si\u0119 codziennie <br> w sekretariacie szko\u0142y.   <br>W dniach 6-8 maja w godzinach 12:00 &#8211; 14:00 (egzaminy maturalne). <br> Od 9 maja w godzinach 9:00-14:00. <\/p>\n\n\n\n<p class=\"has-medium-font-size\"><br><\/p>\n\n\n\n<p class=\"has-medium-font-size\"><br><\/p>\n\n\n\n<p><br><\/p>\n","protected":false},"excerpt":{"rendered":"<p>Przyjmowanie dokument\u00f3w rekrutacyjnych do V LO odbywa si\u0119 codziennie w sekretariacie szko\u0142y. W dniach 6-8 maja w godzinach 12:00 &#8211; 14:00 (egzaminy maturalne). Od 9 maja w godzinach 9:00-14:00.<\/p>\n","protected":false},"author":23,"featured_media":12427,"comment_status":"open","ping_status":"open","sticky":false,"template":"","format":"standard","meta":{"footnotes":""},"categories":[1],"tags":[],"_links":{"self":[{"href":"https:\/\/5lo.lublin.pl\/index.php?rest_route=\/wp\/v2\/posts\/12408"}],"collection":[{"href":"https:\/\/5lo.lublin.pl\/index.php?rest_route=\/wp\/v2\/posts"}],"about":[{"href":"https:\/\/5lo.lublin.pl\/index.php?rest_route=\/wp\/v2\/types\/post"}],"author":[{"embeddable":true,"href":"https:\/\/5lo.lublin.pl\/index.php?rest_route=\/wp\/v2\/users\/23"}],"replies":[{"embeddable":true,"href":"https:\/\/5lo.lublin.pl\/index.php?rest_route=%2Fwp%2Fv2%2Fcomments&post=12408"}],"version-history":[{"count":1,"href":"https:\/\/5lo.lublin.pl\/index.php?rest_route=\/wp\/v2\/posts\/12408\/revisions"}],"predecessor-version":[{"id":12424,"href":"https:\/\/5lo.lublin.pl\/index.php?rest_route=\/wp\/v2\/posts\/12408\/revisions\/12424"}],"wp:featuredmedia":[{"embeddable":true,"href":"https:\/\/5lo.lublin.pl\/index.php?rest_route=\/wp\/v2\/media\/12427"}],"wp:attachment":[{"href":"https:\/\/5lo.lublin.pl\/index.php?rest_route=%2Fwp%2Fv2%2Fmedia&parent=12408"}],"wp:term":[{"taxonomy":"category","embeddable":true,"href":"https:\/\/5lo.lublin.pl\/index.php?rest_route=%2Fwp%2Fv2%2Fcategories&post=12408"},{"taxonomy":"post_tag","embeddable":true,"href":"https:\/\/5lo.lublin.pl\/index.php?rest_route=%2Fwp%2Fv2%2Ftags&post=12408"}],"curies":[{"name":"wp","href":"https:\/\/api.w.org\/{rel}","templated":true}]}}