{"id":12387,"date":"2019-05-01T07:15:13","date_gmt":"2019-05-01T07:15:13","guid":{"rendered":"http:\/\/5lo.lublin.pl\/?p=12387"},"modified":"2019-05-01T07:19:11","modified_gmt":"2019-05-01T07:19:11","slug":"olimpiada-o-diamentowy-indeks-agh-z-geografii","status":"publish","type":"post","link":"https:\/\/5lo.lublin.pl\/?p=12387","title":{"rendered":"Olimpiada o Diamentowy Indeks AGH z Geografii"},"content":{"rendered":"\n<p style=\"background-color:#f1f9f9;text-align:center\" class=\"has-background has-medium-font-size\">Z przyjemno\u015bci\u0105 informujemy, \u017ce <strong>Arkadiusz Go\u0142\u0119biowski<\/strong> z klasy III F zosta\u0142 <strong>finalist\u0105<\/strong> <br> XII Og\u00f3lnopolskiej Olimpiady &#8222;O Diamentowy Indeks AGH&#8221; z geografii. <br> <br>Ucze\u0144 przygotowywa\u0142 si\u0119 do olimpiady pod kierunkiem pani <strong>Kamili Jarosz.<\/strong>   <br><br>   Serdecznie gratulujemy i \u017cyczymy kolejnych sukces\u00f3w!    <\/p>\n\n\n\n<p style=\"text-align:center\" class=\"has-medium-font-size\"><br><\/p>\n\n\n\n<p>  <\/p>\n","protected":false},"excerpt":{"rendered":"<p>Z przyjemno\u015bci\u0105 informujemy, \u017ce Arkadiusz Go\u0142\u0119biowski z klasy III F zosta\u0142 finalist\u0105 XII Og\u00f3lnopolskiej Olimpiady &#8222;O Diamentowy Indeks AGH&#8221; z geografii. Ucze\u0144 przygotowywa\u0142 si\u0119 do olimpiady pod kierunkiem pani Kamili Jarosz. Serdecznie gratulujemy i \u017cyczymy kolejnych sukces\u00f3w!<\/p>\n","protected":false},"author":23,"featured_media":12357,"comment_status":"open","ping_status":"open","sticky":false,"template":"","format":"standard","meta":{"footnotes":""},"categories":[134],"tags":[],"_links":{"self":[{"href":"https:\/\/5lo.lublin.pl\/index.php?rest_route=\/wp\/v2\/posts\/12387"}],"collection":[{"href":"https:\/\/5lo.lublin.pl\/index.php?rest_route=\/wp\/v2\/posts"}],"about":[{"href":"https:\/\/5lo.lublin.pl\/index.php?rest_route=\/wp\/v2\/types\/post"}],"author":[{"embeddable":true,"href":"https:\/\/5lo.lublin.pl\/index.php?rest_route=\/wp\/v2\/users\/23"}],"replies":[{"embeddable":true,"href":"https:\/\/5lo.lublin.pl\/index.php?rest_route=%2Fwp%2Fv2%2Fcomments&post=12387"}],"version-history":[{"count":1,"href":"https:\/\/5lo.lublin.pl\/index.php?rest_route=\/wp\/v2\/posts\/12387\/revisions"}],"predecessor-version":[{"id":12402,"href":"https:\/\/5lo.lublin.pl\/index.php?rest_route=\/wp\/v2\/posts\/12387\/revisions\/12402"}],"wp:featuredmedia":[{"embeddable":true,"href":"https:\/\/5lo.lublin.pl\/index.php?rest_route=\/wp\/v2\/media\/12357"}],"wp:attachment":[{"href":"https:\/\/5lo.lublin.pl\/index.php?rest_route=%2Fwp%2Fv2%2Fmedia&parent=12387"}],"wp:term":[{"taxonomy":"category","embeddable":true,"href":"https:\/\/5lo.lublin.pl\/index.php?rest_route=%2Fwp%2Fv2%2Fcategories&post=12387"},{"taxonomy":"post_tag","embeddable":true,"href":"https:\/\/5lo.lublin.pl\/index.php?rest_route=%2Fwp%2Fv2%2Ftags&post=12387"}],"curies":[{"name":"wp","href":"https:\/\/api.w.org\/{rel}","templated":true}]}}