{"id":12286,"date":"2019-05-15T11:32:37","date_gmt":"2019-05-15T11:32:37","guid":{"rendered":"http:\/\/5lo.lublin.pl\/?p=12286"},"modified":"2019-05-16T09:55:43","modified_gmt":"2019-05-16T09:55:43","slug":"zebrania-z-rodzicami-10-kwietnia-2019-r","status":"publish","type":"post","link":"https:\/\/5lo.lublin.pl\/?p=12286","title":{"rendered":"Zebrania z rodzicami 22 maja 2019 r."},"content":{"rendered":"\n<p class=\"has-medium-font-size\">Szanowni Pa\u0144stwo,<\/p>\n\n\n\n<p style=\"text-align:center\" class=\"has-medium-font-size\">Uprzejmie informuj\u0119, \u017ce w dn. 22.05.2019 r. (\u015broda) o godz. 16.30 odb\u0119d\u0105 si\u0119 zebrania z rodzicami uczni\u00f3w klas pierwszych oraz drugich.<\/p>\n\n\n\n<p style=\"text-align:center\" class=\"has-medium-font-size\">Zebranie z rodzicami uczni\u00f3w klasy I A rozpocznie si\u0119 o godz. 17.30!<\/p>\n\n\n\n<p>Wykaz sal:<strong>  <br> <\/strong><\/p>\n\n\n\n<p style=\"font-size:17px\"><strong>I A&nbsp;&nbsp;&nbsp;&nbsp; <\/strong>\u2013&nbsp;&nbsp;&nbsp;&nbsp; <strong>s. 301 (g. 17<sup>30<\/sup>)<\/strong><\/p>\n\n\n\n<p style=\"font-size:17px\"><strong>I B&nbsp;&nbsp;&nbsp;&nbsp;&nbsp; \u2013&nbsp;&nbsp;&nbsp;&nbsp; s.\n201 <\/strong><\/p>\n\n\n\n<p style=\"font-size:17px\"><strong>I C&nbsp;&nbsp;&nbsp;&nbsp; \u2013&nbsp;&nbsp;&nbsp;&nbsp; s.\n314<\/strong><\/p>\n\n\n\n<p style=\"font-size:17px\"><strong>I D&nbsp;&nbsp;&nbsp;&nbsp; \u2013&nbsp;&nbsp;&nbsp;&nbsp; s.\n310<\/strong><\/p>\n\n\n\n<p style=\"font-size:17px\"><strong>I E&nbsp;&nbsp;&nbsp;&nbsp;&nbsp; \u2013&nbsp;&nbsp;&nbsp;&nbsp; s.\n214<\/strong><\/p>\n\n\n\n<p style=\"font-size:17px\"><strong>I F&nbsp;&nbsp;&nbsp;&nbsp;&nbsp; \u2013&nbsp;&nbsp;&nbsp;&nbsp; s.\n112<\/strong><\/p>\n\n\n\n<p style=\"font-size:17px\"><strong>I G&nbsp;&nbsp;&nbsp;&nbsp;&nbsp; \u2013&nbsp;&nbsp;&nbsp;&nbsp;\ns. 108<\/strong><\/p>\n\n\n\n<p style=\"font-size:17px\"><strong>I H&nbsp;&nbsp;&nbsp;&nbsp; \u2013&nbsp;&nbsp;&nbsp;&nbsp; s. 111<\/strong><\/p>\n\n\n\n<p style=\"font-size:17px\">&#8212;&#8212;&#8212;&#8212;&#8212;&#8212;&#8212;<\/p>\n\n\n\n<p style=\"font-size:17px\"><strong>II A&nbsp;&nbsp;&nbsp; <\/strong>\u2013&nbsp;&nbsp;&nbsp;&nbsp; <strong>s. 216<\/strong><\/p>\n\n\n\n<p style=\"font-size:17px\"><strong>II B\u00a0\u00a0\u00a0 \u2013\u00a0\u00a0\u00a0\u00a0 s. 204<\/strong> &#8211;> przeniesione na 28 maja (wtorek) g. 16.30 s. 204<\/p>\n\n\n\n<p style=\"font-size:17px\"><strong>II C&nbsp;&nbsp;&nbsp; \u2013&nbsp;&nbsp;&nbsp;&nbsp; s.\n213<\/strong><\/p>\n\n\n\n<p style=\"font-size:17px\"><strong>II D&nbsp;&nbsp;&nbsp; \u2013&nbsp;&nbsp;&nbsp;&nbsp; s. 309<\/strong><\/p>\n\n\n\n<p style=\"font-size:17px\"><strong>II E\u00a0\u00a0\u00a0 \u2013\u00a0\u00a0\u00a0\u00a0 s. 105 <\/strong>  &#8211;> przeniesione na 29 maja (\u015broda) g. 16.30 s. 105 <\/p>\n\n\n\n<p style=\"font-size:17px\"><strong>II\nF&nbsp;&nbsp;&nbsp; \u2013&nbsp;&nbsp;&nbsp;&nbsp; s.\n106<\/strong><\/p>\n\n\n\n<p style=\"font-size:17px\"><strong>II\nG&nbsp;&nbsp;&nbsp; \u2013&nbsp;&nbsp;&nbsp;&nbsp; s.\n306<\/strong><\/p>\n\n\n\n<p style=\"font-size:17px\"><strong>II H&nbsp;&nbsp;&nbsp; \u2013&nbsp;&nbsp;&nbsp;&nbsp; s. 205<\/strong><\/p>\n\n\n\n<p style=\"font-size:17px\"><strong>II\nJ&nbsp;&nbsp;&nbsp;&nbsp; \u2013&nbsp;&nbsp;&nbsp;&nbsp; s.\n211<\/strong><\/p>\n\n\n\n<p><br><\/p>\n","protected":false},"excerpt":{"rendered":"<p>Szanowni Pa\u0144stwo, Uprzejmie informuj\u0119, \u017ce w dn. 22.05.2019 r. (\u015broda) o godz. 16.30 odb\u0119d\u0105 si\u0119 zebrania z rodzicami uczni\u00f3w klas pierwszych oraz drugich. Zebranie z rodzicami uczni\u00f3w klasy I A rozpocznie si\u0119 o godz. 17.30! Wykaz sal: I A&nbsp;&nbsp;&nbsp;&nbsp; \u2013&nbsp;&nbsp;&nbsp;&nbsp; s. 301 (g. 1730) I B&nbsp;&nbsp;&nbsp;&nbsp;&nbsp; \u2013&nbsp;&nbsp;&nbsp;&nbsp; s. 201 I C&nbsp;&nbsp;&nbsp;&nbsp; \u2013&nbsp;&nbsp;&nbsp;&nbsp; s. 314 I [&hellip;]<\/p>\n","protected":false},"author":9,"featured_media":3517,"comment_status":"open","ping_status":"open","sticky":false,"template":"","format":"standard","meta":{"footnotes":""},"categories":[1],"tags":[],"_links":{"self":[{"href":"https:\/\/5lo.lublin.pl\/index.php?rest_route=\/wp\/v2\/posts\/12286"}],"collection":[{"href":"https:\/\/5lo.lublin.pl\/index.php?rest_route=\/wp\/v2\/posts"}],"about":[{"href":"https:\/\/5lo.lublin.pl\/index.php?rest_route=\/wp\/v2\/types\/post"}],"author":[{"embeddable":true,"href":"https:\/\/5lo.lublin.pl\/index.php?rest_route=\/wp\/v2\/users\/9"}],"replies":[{"embeddable":true,"href":"https:\/\/5lo.lublin.pl\/index.php?rest_route=%2Fwp%2Fv2%2Fcomments&post=12286"}],"version-history":[{"count":1,"href":"https:\/\/5lo.lublin.pl\/index.php?rest_route=\/wp\/v2\/posts\/12286\/revisions"}],"predecessor-version":[{"id":12669,"href":"https:\/\/5lo.lublin.pl\/index.php?rest_route=\/wp\/v2\/posts\/12286\/revisions\/12669"}],"wp:featuredmedia":[{"embeddable":true,"href":"https:\/\/5lo.lublin.pl\/index.php?rest_route=\/wp\/v2\/media\/3517"}],"wp:attachment":[{"href":"https:\/\/5lo.lublin.pl\/index.php?rest_route=%2Fwp%2Fv2%2Fmedia&parent=12286"}],"wp:term":[{"taxonomy":"category","embeddable":true,"href":"https:\/\/5lo.lublin.pl\/index.php?rest_route=%2Fwp%2Fv2%2Fcategories&post=12286"},{"taxonomy":"post_tag","embeddable":true,"href":"https:\/\/5lo.lublin.pl\/index.php?rest_route=%2Fwp%2Fv2%2Ftags&post=12286"}],"curies":[{"name":"wp","href":"https:\/\/api.w.org\/{rel}","templated":true}]}}