{"id":12096,"date":"2019-02-28T09:29:19","date_gmt":"2019-02-28T09:29:19","guid":{"rendered":"http:\/\/5lo.lublin.pl\/?p=12096"},"modified":"2019-02-28T09:30:46","modified_gmt":"2019-02-28T09:30:46","slug":"kolor-czerwony-ksiazek","status":"publish","type":"post","link":"https:\/\/5lo.lublin.pl\/?p=12096","title":{"rendered":"Kolor czerwony ksi\u0105\u017cek"},"content":{"rendered":"\n<p>Biblioteka szkolna rozpoczyna akcj\u0119 promowania ksi\u0105\u017cek ze swojego ksi\u0119gozbioru ze wzgl\u0119du na kolor zawarty w tytule , na ok\u0142adce a mo\u017ce nawet wynikaj\u0105cy z kontekstu samej tre\u015bci dzie\u0142a literackiego.<\/p>\n\n\n\n<p><strong>Zapraszamy do wypo\u017cyczania ksi\u0105\u017cek\u00a0 &#8211; obowi\u0105zuje kolor czerwony \ud83d\ude42<\/strong><\/p>\n\n\n\n<div class=\"alignnormal\"><div id=\"metaslider-id-12098\" style=\"max-width: 800px; margin: 0 auto;\" class=\"ml-slider-3-62-0 metaslider metaslider-flex metaslider-12098 ml-slider ms-theme-default\" role=\"region\" aria-roledescription=\"Slideshow\" aria-label=\"kolor czerwony\">\n    <div id=\"metaslider_container_12098\">\n        <div id=\"metaslider_12098\" class=\"flexslider\">\n            <ul aria-live=\"polite\" class=\"slides\">\n                <li style=\"display: block; width: 100%;\" class=\"slide-12099 ms-image \" aria-roledescription=\"slide\" aria-label=\"slide-12099\"><img loading=\"lazy\" decoding=\"async\" src=\"https:\/\/5lo.lublin.pl\/wp-content\/uploads\/2019\/02\/1-800x600.jpg\" height=\"600\" width=\"800\" alt=\"\" class=\"slider-12098 slide-12099\" title=\"1\" \/><\/li>\n                <li style=\"display: none; width: 100%;\" class=\"slide-12100 ms-image \" aria-roledescription=\"slide\" aria-label=\"slide-12100\"><img loading=\"lazy\" decoding=\"async\" src=\"https:\/\/5lo.lublin.pl\/wp-content\/uploads\/2019\/02\/IMG_2703-1-e1551346090281-800x600.jpg\" height=\"600\" width=\"800\" alt=\"\" class=\"slider-12098 slide-12100\" title=\"IMG_2703 (1)\" \/><\/li>\n                <li style=\"display: none; width: 100%;\" class=\"slide-12101 ms-image \" aria-roledescription=\"slide\" aria-label=\"slide-12101\"><img loading=\"lazy\" decoding=\"async\" src=\"https:\/\/5lo.lublin.pl\/wp-content\/uploads\/2019\/02\/IMG_2702-800x600.jpg\" height=\"600\" width=\"800\" alt=\"\" class=\"slider-12098 slide-12101\" title=\"IMG_2702\" \/><\/li>\n            <\/ul>\n        <\/div>\n        \n    <\/div>\n<\/div><\/div>\n\n\n\n<p><\/p>\n","protected":false},"excerpt":{"rendered":"<p>Biblioteka szkolna rozpoczyna akcj\u0119 promowania ksi\u0105\u017cek ze swojego ksi\u0119gozbioru ze wzgl\u0119du na kolor zawarty w tytule , na ok\u0142adce a mo\u017ce nawet wynikaj\u0105cy z kontekstu samej tre\u015bci dzie\u0142a literackiego. Zapraszamy do wypo\u017cyczania ksi\u0105\u017cek\u00a0 &#8211; obowi\u0105zuje kolor czerwony \ud83d\ude42<\/p>\n","protected":false},"author":145,"featured_media":12093,"comment_status":"open","ping_status":"open","sticky":false,"template":"","format":"standard","meta":{"footnotes":""},"categories":[222,1],"tags":[],"_links":{"self":[{"href":"https:\/\/5lo.lublin.pl\/index.php?rest_route=\/wp\/v2\/posts\/12096"}],"collection":[{"href":"https:\/\/5lo.lublin.pl\/index.php?rest_route=\/wp\/v2\/posts"}],"about":[{"href":"https:\/\/5lo.lublin.pl\/index.php?rest_route=\/wp\/v2\/types\/post"}],"author":[{"embeddable":true,"href":"https:\/\/5lo.lublin.pl\/index.php?rest_route=\/wp\/v2\/users\/145"}],"replies":[{"embeddable":true,"href":"https:\/\/5lo.lublin.pl\/index.php?rest_route=%2Fwp%2Fv2%2Fcomments&post=12096"}],"version-history":[{"count":1,"href":"https:\/\/5lo.lublin.pl\/index.php?rest_route=\/wp\/v2\/posts\/12096\/revisions"}],"predecessor-version":[{"id":12104,"href":"https:\/\/5lo.lublin.pl\/index.php?rest_route=\/wp\/v2\/posts\/12096\/revisions\/12104"}],"wp:featuredmedia":[{"embeddable":true,"href":"https:\/\/5lo.lublin.pl\/index.php?rest_route=\/wp\/v2\/media\/12093"}],"wp:attachment":[{"href":"https:\/\/5lo.lublin.pl\/index.php?rest_route=%2Fwp%2Fv2%2Fmedia&parent=12096"}],"wp:term":[{"taxonomy":"category","embeddable":true,"href":"https:\/\/5lo.lublin.pl\/index.php?rest_route=%2Fwp%2Fv2%2Fcategories&post=12096"},{"taxonomy":"post_tag","embeddable":true,"href":"https:\/\/5lo.lublin.pl\/index.php?rest_route=%2Fwp%2Fv2%2Ftags&post=12096"}],"curies":[{"name":"wp","href":"https:\/\/api.w.org\/{rel}","templated":true}]}}