{"id":12070,"date":"2019-02-26T10:41:09","date_gmt":"2019-02-26T10:41:09","guid":{"rendered":"http:\/\/5lo.lublin.pl\/?p=12070"},"modified":"2019-02-27T11:31:15","modified_gmt":"2019-02-27T11:31:15","slug":"iii-czytelnicze-walentynki-podsumowanie-konkursu","status":"publish","type":"post","link":"https:\/\/5lo.lublin.pl\/?p=12070","title":{"rendered":"III Czytelnicze Walentynki &#8211; podsumowanie konkursu"},"content":{"rendered":"\n<p>8 lutego br. nast\u0105pi\u0142o rozstrzygni\u0119cie konkursu <strong>III Czytelniczych Walentynek \u201eZakocha\u0142am\/em si\u0119 w ksi\u0105\u017cce\u2026\u201d<\/strong>. <\/p>\n\n\n\n<p>W konkursie wzi\u0119\u0142o udzia\u0142 41 uczni\u00f3w. Zosta\u0142y przyznane nagrody<strong> 11 uczniom i 5 uczni\u00f3w otrzyma\u0142o wyr\u00f3\u017cnienia.<\/strong> Opr\u00f3cz nagr\u00f3d rzeczowych uczniowie otrzymali z j\u0119zyka polskiego 6 a pozostali uczestnicy 5. <\/p>\n\n\n\n<p>Dzi\u0119kujemy wszystkim uczniom za udzia\u0142 w konkursie oraz ciekawe uj\u0119cie tematu.  <\/p>\n\n\n\n<p>Zach\u0119camy do udzia\u0142u w kolejnych konkursach organizowanych przez bibliotek\u0119 szkoln\u0105. <\/p>\n\n\n\n<p><strong>Oto lista nagrodzonych:<\/strong><\/p>\n\n\n\n<p>I miejsce <strong>Karolina Rybaczek 3 e&nbsp;&nbsp;<\/strong> &nbsp;&nbsp;&nbsp;&nbsp;&nbsp;&nbsp;&nbsp;&nbsp;&nbsp;&nbsp;&nbsp;&nbsp;&nbsp;&nbsp;&nbsp;&nbsp;&nbsp;&nbsp;&nbsp;&nbsp; <\/p>\n\n\n\n<p>II miejsce <strong>Dominika Jaskulska 3e&nbsp;&nbsp;&nbsp;&nbsp;<\/strong> &nbsp;&nbsp;&nbsp;&nbsp;&nbsp;&nbsp;&nbsp;&nbsp;&nbsp;&nbsp;&nbsp;&nbsp;&nbsp;&nbsp;&nbsp;&nbsp;&nbsp;&nbsp; <\/p>\n\n\n\n<p>III miejsce <strong>Adrianna K\u0142odzi\u0144ska 1 e&nbsp;&nbsp;&nbsp;<\/strong> &nbsp;&nbsp;&nbsp;&nbsp;&nbsp;&nbsp;&nbsp;&nbsp;&nbsp;&nbsp;&nbsp;&nbsp;&nbsp;&nbsp;&nbsp; <\/p>\n\n\n\n<p>III miejsce<strong> Magdalena Zaniewska 3 b&nbsp;&nbsp;&nbsp;<\/strong> &nbsp;&nbsp;&nbsp;&nbsp;&nbsp;&nbsp;&nbsp;&nbsp;&nbsp;&nbsp;&nbsp;&nbsp;&nbsp; <\/p>\n\n\n\n<p>IV miejsce Zuzanna Ma\u0142aj 2 e&nbsp;&nbsp;&nbsp;&nbsp;&nbsp;&nbsp;&nbsp;&nbsp;&nbsp;&nbsp;&nbsp;&nbsp;&nbsp;&nbsp;&nbsp;&nbsp; &nbsp;&nbsp;&nbsp; <\/p>\n\n\n\n<p>V miejsce Zuzanna Murat 2 a&nbsp;&nbsp;&nbsp;&nbsp;&nbsp;&nbsp;&nbsp;&nbsp;&nbsp;&nbsp;&nbsp;&nbsp;&nbsp;&nbsp;&nbsp;&nbsp;&nbsp; <\/p>\n\n\n\n<p>V miejsce Weronika R\u0119bacz 2 a&nbsp;&nbsp;&nbsp;&nbsp;&nbsp;&nbsp;&nbsp;&nbsp;&nbsp;&nbsp;&nbsp;&nbsp; <\/p>\n\n\n\n<p>V miejsce Karolina Czapla 2 e&nbsp;&nbsp;&nbsp;&nbsp;&nbsp;&nbsp;&nbsp;&nbsp;&nbsp;&nbsp;&nbsp;&nbsp;&nbsp;&nbsp;&nbsp; <\/p>\n\n\n\n<p>V miejsce Natalia Konior 2 g&nbsp;&nbsp;&nbsp;&nbsp;&nbsp;&nbsp;&nbsp;&nbsp;&nbsp;&nbsp;&nbsp;&nbsp;&nbsp;&nbsp;&nbsp;&nbsp; <\/p>\n\n\n\n<p>VI miejsce Daria Gontarczyk 2 e&nbsp;&nbsp;&nbsp;&nbsp;&nbsp;&nbsp;&nbsp;&nbsp;&nbsp;&nbsp;&nbsp;&nbsp; <\/p>\n\n\n\n<p>VI miejsce Kinga Flis 3 e&nbsp;&nbsp;&nbsp;&nbsp;&nbsp;&nbsp;&nbsp;&nbsp;&nbsp;&nbsp;&nbsp;&nbsp;&nbsp;&nbsp;&nbsp;&nbsp;&nbsp;&nbsp;&nbsp;&nbsp;&nbsp;&nbsp;&nbsp; <\/p>\n\n\n\n<p>Izabela Ziembowicz 1 g&nbsp;&nbsp;&nbsp;&nbsp;&nbsp;&nbsp; Wyr\u00f3\u017cnienie<\/p>\n\n\n\n<p>Klaudia Korgol&nbsp; 1 e&nbsp;&nbsp;&nbsp;&nbsp;&nbsp;&nbsp;&nbsp;&nbsp;&nbsp;&nbsp;&nbsp;&nbsp;&nbsp; Wyr\u00f3\u017cnienie<\/p>\n\n\n\n<p>Edyta Kocha\u0144ska 2 e&nbsp;&nbsp;&nbsp;&nbsp;&nbsp;&nbsp;&nbsp;&nbsp;&nbsp;&nbsp;&nbsp; Wyr\u00f3\u017cnienie<\/p>\n\n\n\n<p>Olga W\u00f3jcik 1 f&nbsp;&nbsp;&nbsp;&nbsp;&nbsp;&nbsp;&nbsp;&nbsp;&nbsp;&nbsp;&nbsp;&nbsp;&nbsp;&nbsp;&nbsp;&nbsp;&nbsp;&nbsp;&nbsp; Wyr\u00f3\u017cnienie<\/p>\n\n\n\n<p>Kinga Pastucha 2 e&nbsp;&nbsp;&nbsp;&nbsp;&nbsp;&nbsp;&nbsp;&nbsp;&nbsp;&nbsp;&nbsp;&nbsp;&nbsp;&nbsp; Wyr\u00f3\u017cnienie<\/p>\n\n\n\n<div class=\"alignnormal\"><div id=\"metaslider-id-11635\" style=\"max-width: 800px; margin: 0 auto;\" class=\"ml-slider-3-62-0 metaslider metaslider-flex metaslider-11635 ml-slider ms-theme-default\" role=\"region\" aria-roledescription=\"Slideshow\" aria-label=\"walentynki biblioteka\">\n    <div id=\"metaslider_container_11635\">\n        <div id=\"metaslider_11635\" class=\"flexslider\">\n            <ul aria-live=\"polite\" class=\"slides\">\n                <li style=\"display: block; width: 100%;\" class=\"slide-12082 ms-image \" aria-roledescription=\"slide\" aria-label=\"slide-12082\"><img loading=\"lazy\" decoding=\"async\" src=\"https:\/\/5lo.lublin.pl\/wp-content\/uploads\/2019\/02\/wal-1-612x459.jpg\" height=\"600\" width=\"800\" alt=\"\" class=\"slider-11635 slide-12082\" title=\"wal (1)\" \/><\/li>\n                <li style=\"display: none; width: 100%;\" class=\"slide-12083 ms-image \" aria-roledescription=\"slide\" aria-label=\"slide-12083\"><img loading=\"lazy\" decoding=\"async\" src=\"https:\/\/5lo.lublin.pl\/wp-content\/uploads\/2019\/02\/wal-3-800x600.jpg\" height=\"600\" width=\"800\" alt=\"\" class=\"slider-11635 slide-12083\" title=\"wal (3)\" \/><\/li>\n                <li style=\"display: none; width: 100%;\" class=\"slide-12084 ms-image \" aria-roledescription=\"slide\" aria-label=\"slide-12084\"><img loading=\"lazy\" decoding=\"async\" src=\"https:\/\/5lo.lublin.pl\/wp-content\/uploads\/2019\/02\/wal-4-612x459.jpg\" height=\"600\" width=\"800\" alt=\"\" class=\"slider-11635 slide-12084\" title=\"wal (4)\" \/><\/li>\n                <li style=\"display: none; width: 100%;\" class=\"slide-12085 ms-image \" aria-roledescription=\"slide\" aria-label=\"slide-12085\"><img loading=\"lazy\" decoding=\"async\" src=\"https:\/\/5lo.lublin.pl\/wp-content\/uploads\/2019\/02\/wal2-e1551267023611-603x452.jpg\" height=\"600\" width=\"800\" alt=\"\" class=\"slider-11635 slide-12085\" title=\"wal(2)\" \/><\/li>\n            <\/ul>\n        <\/div>\n        \n    <\/div>\n<\/div><\/div>\n","protected":false},"excerpt":{"rendered":"<p>8 lutego br. nast\u0105pi\u0142o rozstrzygni\u0119cie konkursu III Czytelniczych Walentynek \u201eZakocha\u0142am\/em si\u0119 w ksi\u0105\u017cce\u2026\u201d. W konkursie wzi\u0119\u0142o udzia\u0142 41 uczni\u00f3w. Zosta\u0142y przyznane nagrody 11 uczniom i 5 uczni\u00f3w otrzyma\u0142o wyr\u00f3\u017cnienia. Opr\u00f3cz nagr\u00f3d rzeczowych uczniowie otrzymali z j\u0119zyka polskiego 6 a pozostali uczestnicy 5. Dzi\u0119kujemy wszystkim uczniom za udzia\u0142 w konkursie oraz ciekawe uj\u0119cie tematu. Zach\u0119camy do [&hellip;]<\/p>\n","protected":false},"author":145,"featured_media":12077,"comment_status":"open","ping_status":"open","sticky":false,"template":"","format":"standard","meta":{"footnotes":""},"categories":[222,1],"tags":[],"_links":{"self":[{"href":"https:\/\/5lo.lublin.pl\/index.php?rest_route=\/wp\/v2\/posts\/12070"}],"collection":[{"href":"https:\/\/5lo.lublin.pl\/index.php?rest_route=\/wp\/v2\/posts"}],"about":[{"href":"https:\/\/5lo.lublin.pl\/index.php?rest_route=\/wp\/v2\/types\/post"}],"author":[{"embeddable":true,"href":"https:\/\/5lo.lublin.pl\/index.php?rest_route=\/wp\/v2\/users\/145"}],"replies":[{"embeddable":true,"href":"https:\/\/5lo.lublin.pl\/index.php?rest_route=%2Fwp%2Fv2%2Fcomments&post=12070"}],"version-history":[{"count":1,"href":"https:\/\/5lo.lublin.pl\/index.php?rest_route=\/wp\/v2\/posts\/12070\/revisions"}],"predecessor-version":[{"id":12088,"href":"https:\/\/5lo.lublin.pl\/index.php?rest_route=\/wp\/v2\/posts\/12070\/revisions\/12088"}],"wp:featuredmedia":[{"embeddable":true,"href":"https:\/\/5lo.lublin.pl\/index.php?rest_route=\/wp\/v2\/media\/12077"}],"wp:attachment":[{"href":"https:\/\/5lo.lublin.pl\/index.php?rest_route=%2Fwp%2Fv2%2Fmedia&parent=12070"}],"wp:term":[{"taxonomy":"category","embeddable":true,"href":"https:\/\/5lo.lublin.pl\/index.php?rest_route=%2Fwp%2Fv2%2Fcategories&post=12070"},{"taxonomy":"post_tag","embeddable":true,"href":"https:\/\/5lo.lublin.pl\/index.php?rest_route=%2Fwp%2Fv2%2Ftags&post=12070"}],"curies":[{"name":"wp","href":"https:\/\/api.w.org\/{rel}","templated":true}]}}