{"id":11623,"date":"2019-01-21T10:00:40","date_gmt":"2019-01-21T10:00:40","guid":{"rendered":"http:\/\/5lo.lublin.pl\/?p=11623"},"modified":"2019-03-26T22:09:25","modified_gmt":"2019-03-26T22:09:25","slug":"zebrania-z-rodzicami-23-24-01-2019-r","status":"publish","type":"post","link":"https:\/\/5lo.lublin.pl\/?p=11623","title":{"rendered":"Zebrania z rodzicami: 23-24.01.2019 r. (aktualizacja_21.01)"},"content":{"rendered":"\n<p>Szanowni Pa\u0144stwo,<\/p>\n\n\n\n<p class=\"has-medium-font-size\">Uprzejmie informujemy, i\u017c w dniach 23-24 stycznia br. odb\u0119d\u0105 si\u0119 zebrania z rodzicami.<\/p>\n\n\n\n<p class=\"has-medium-font-size\"><\/p>\n\n\n\n<p class=\"has-text-color has-medium-font-size has-vivid-red-color\">W dniu 23 stycznia (\u015broda) o godzinie 16.30 odb\u0119d\u0105 si\u0119 zebrania z rodzicami uczni\u00f3w klas pierwszych oraz rodzicami uczni\u00f3w klasy II F. <\/p>\n\n\n\n<p style=\"text-align:center\" class=\"has-medium-font-size\">UWAGA! Zebranie z rodzicami uczni\u00f3w klasy I A rozpocznie si\u0119 o godz. 17.20.<\/p>\n\n\n\n<p>Wykaz sal:<\/p>\n\n\n\n<p style=\"font-size:17px\"><strong>I A&nbsp;&nbsp;&nbsp;&nbsp; <\/strong>\u2013&nbsp;&nbsp;&nbsp;&nbsp; <strong>s. 301 (g. 17.20)<\/strong><\/p>\n\n\n\n<p style=\"font-size:17px\" class=\"has-background has-light-green-cyan-background-color\"><strong>I B&nbsp;&nbsp;&nbsp;&nbsp;&nbsp; \u2013&nbsp;&nbsp;&nbsp;&nbsp; s. &nbsp;111 -&gt; <\/strong> <strong>zebranie zosta\u0142o przeniesione na 30 stycznia br. (g. 16.30 sala 111)<\/strong> <\/p>\n\n\n\n<p style=\"font-size:17px\"><strong>I C&nbsp;&nbsp;&nbsp;&nbsp; \u2013&nbsp;&nbsp;&nbsp;&nbsp; s.\n314<\/strong><\/p>\n\n\n\n<p style=\"font-size:17px\"><strong>I D&nbsp;&nbsp;&nbsp;&nbsp; \u2013&nbsp;&nbsp;&nbsp;&nbsp; s.\n310<\/strong><\/p>\n\n\n\n<p style=\"font-size:17px\"><strong>I E&nbsp;&nbsp;&nbsp;&nbsp;&nbsp; \u2013&nbsp;&nbsp;&nbsp;&nbsp; s.\n214<\/strong><\/p>\n\n\n\n<p style=\"font-size:17px\"><strong>I F&nbsp;&nbsp;&nbsp;&nbsp;&nbsp; \u2013&nbsp;&nbsp;&nbsp;&nbsp; s.\n106<\/strong><\/p>\n\n\n\n<p style=\"font-size:17px\" class=\"has-background has-light-green-cyan-background-color\"><strong>I G&nbsp;&nbsp;&nbsp;&nbsp;&nbsp; \u2013&nbsp;&nbsp;&nbsp;&nbsp; s. 108 &#8211; &gt; zebranie zosta\u0142o przeniesione na 30 stycznia br. (g. 16.30 sala 108)<\/strong><\/p>\n\n\n\n<p style=\"font-size:17px\"><strong>I H&nbsp;&nbsp;&nbsp;&nbsp; \u2013&nbsp;&nbsp;&nbsp;&nbsp; s.\n304<\/strong><\/p>\n\n\n\n<p class=\"has-text-color has-medium-font-size has-vivid-red-color\">W dniu 24 stycznia (czwartek) o godzinie 16.30 odb\u0119d\u0105 si\u0119 zebrania z rodzicami uczni\u00f3w klas drugich oraz trzecich.<\/p>\n\n\n\n<p>Wykaz sal:<\/p>\n\n\n\n<p><strong>KLASA<\/strong><strong>:&nbsp;&nbsp;&nbsp;&nbsp; <\/strong><\/p>\n\n\n\n<p style=\"font-size:17px\"><strong>II A&nbsp;&nbsp;&nbsp; <\/strong>\u2013&nbsp;&nbsp;&nbsp;&nbsp; <strong>s.216<\/strong><\/p>\n\n\n\n<p style=\"font-size:17px\"><strong>II B&nbsp;&nbsp;&nbsp; \u2013&nbsp;&nbsp;&nbsp;&nbsp; s.\n204<\/strong><\/p>\n\n\n\n<p style=\"font-size:17px\"><strong>II C&nbsp;&nbsp;&nbsp; \u2013&nbsp;&nbsp;&nbsp;&nbsp; s.\n213<\/strong><\/p>\n\n\n\n<p style=\"font-size:17px\"><strong>II D&nbsp;&nbsp;&nbsp; \u2013&nbsp;&nbsp;&nbsp;&nbsp; s.\n305<\/strong><\/p>\n\n\n\n<p style=\"font-size:17px\"><strong>II E&nbsp;&nbsp;&nbsp; \u2013&nbsp;&nbsp;&nbsp;&nbsp; s.\n105 <\/strong><\/p>\n\n\n\n<p style=\"font-size:17px\" class=\"has-background has-light-green-cyan-background-color\"><strong>II F&nbsp;&nbsp;&nbsp; \u2013&nbsp;&nbsp;&nbsp;&nbsp; s.106 ZMIANA -&gt; zebranie odb\u0119dzie si\u0119 23.01.2019 r. godz. 16.30 sala 105<\/strong><\/p>\n\n\n\n<p style=\"font-size:17px\"><strong>II G&nbsp;&nbsp;&nbsp; \u2013&nbsp;&nbsp;&nbsp;&nbsp; s.\n111<\/strong><\/p>\n\n\n\n<p style=\"font-size:17px\"><strong>II H&nbsp;&nbsp;&nbsp; \u2013&nbsp;&nbsp;&nbsp;&nbsp; s.\n304<\/strong><\/p>\n\n\n\n<p style=\"font-size:17px\"><strong>II J&nbsp;&nbsp;&nbsp;&nbsp; \u2013&nbsp;&nbsp;&nbsp;&nbsp; s.\n310<\/strong><\/p>\n\n\n\n<p><strong>KLASA<\/strong><strong>&nbsp;&nbsp;&nbsp;&nbsp;&nbsp;&nbsp; :<\/strong><\/p>\n\n\n\n<p style=\"font-size:17px\"><strong>III A \u2013&nbsp;&nbsp;&nbsp;&nbsp; s.\n306<\/strong><\/p>\n\n\n\n<p style=\"font-size:17px\"><strong>III B \u2013&nbsp;&nbsp;&nbsp;&nbsp; s.\n104<\/strong><\/p>\n\n\n\n<p style=\"font-size:17px\"><strong>III C \u2013&nbsp;&nbsp;&nbsp;&nbsp; s.\n214<\/strong><\/p>\n\n\n\n<p style=\"font-size:17px\"><strong>III D \u2013&nbsp;&nbsp;&nbsp;&nbsp; s.\n309<\/strong><\/p>\n\n\n\n<p style=\"font-size:17px\"><strong>III E \u2013&nbsp;&nbsp;&nbsp;&nbsp; s.\n314<\/strong><\/p>\n\n\n\n<p style=\"font-size:17px\"><strong>III F \u2013&nbsp;&nbsp;&nbsp;&nbsp; s.\n112<\/strong><\/p>\n\n\n\n<p style=\"font-size:17px\"><strong>III G \u2013&nbsp;&nbsp;&nbsp;&nbsp; s.108<\/strong><\/p>\n\n\n\n<p style=\"font-size:17px\"><strong>III H \u2013&nbsp;&nbsp;&nbsp;&nbsp; s.211<\/strong><\/p>\n\n\n\n<p style=\"font-size:17px\" class=\"has-background has-light-green-cyan-background-color\"><strong>III S&nbsp; \u2013&nbsp;&nbsp;&nbsp;&nbsp; s.109  -&gt; <\/strong> <strong>zebranie odb\u0119dzie si\u0119 23.01.2019 (\u015broda) r. godz. 16.30 sala 002<\/strong><\/p>\n\n\n\n<p><\/p>\n\n\n\n<p>Serdecznie zapraszamy!<br><\/p>\n","protected":false},"excerpt":{"rendered":"<p>Szanowni Pa\u0144stwo, Uprzejmie informujemy, i\u017c w dniach 23-24 stycznia br. odb\u0119d\u0105 si\u0119 zebrania z rodzicami. W dniu 23 stycznia (\u015broda) o godzinie 16.30 odb\u0119d\u0105 si\u0119 zebrania z rodzicami uczni\u00f3w klas pierwszych oraz rodzicami uczni\u00f3w klasy II F. UWAGA! Zebranie z rodzicami uczni\u00f3w klasy I A rozpocznie si\u0119 o godz. 17.20. Wykaz sal: I A&nbsp;&nbsp;&nbsp;&nbsp; \u2013&nbsp;&nbsp;&nbsp;&nbsp; [&hellip;]<\/p>\n","protected":false},"author":9,"featured_media":3517,"comment_status":"open","ping_status":"open","sticky":false,"template":"","format":"standard","meta":{"footnotes":""},"categories":[1],"tags":[261],"_links":{"self":[{"href":"https:\/\/5lo.lublin.pl\/index.php?rest_route=\/wp\/v2\/posts\/11623"}],"collection":[{"href":"https:\/\/5lo.lublin.pl\/index.php?rest_route=\/wp\/v2\/posts"}],"about":[{"href":"https:\/\/5lo.lublin.pl\/index.php?rest_route=\/wp\/v2\/types\/post"}],"author":[{"embeddable":true,"href":"https:\/\/5lo.lublin.pl\/index.php?rest_route=\/wp\/v2\/users\/9"}],"replies":[{"embeddable":true,"href":"https:\/\/5lo.lublin.pl\/index.php?rest_route=%2Fwp%2Fv2%2Fcomments&post=11623"}],"version-history":[{"count":1,"href":"https:\/\/5lo.lublin.pl\/index.php?rest_route=\/wp\/v2\/posts\/11623\/revisions"}],"predecessor-version":[{"id":11912,"href":"https:\/\/5lo.lublin.pl\/index.php?rest_route=\/wp\/v2\/posts\/11623\/revisions\/11912"}],"wp:featuredmedia":[{"embeddable":true,"href":"https:\/\/5lo.lublin.pl\/index.php?rest_route=\/wp\/v2\/media\/3517"}],"wp:attachment":[{"href":"https:\/\/5lo.lublin.pl\/index.php?rest_route=%2Fwp%2Fv2%2Fmedia&parent=11623"}],"wp:term":[{"taxonomy":"category","embeddable":true,"href":"https:\/\/5lo.lublin.pl\/index.php?rest_route=%2Fwp%2Fv2%2Fcategories&post=11623"},{"taxonomy":"post_tag","embeddable":true,"href":"https:\/\/5lo.lublin.pl\/index.php?rest_route=%2Fwp%2Fv2%2Ftags&post=11623"}],"curies":[{"name":"wp","href":"https:\/\/api.w.org\/{rel}","templated":true}]}}