{"id":11318,"date":"2018-11-20T12:04:06","date_gmt":"2018-11-20T12:04:06","guid":{"rendered":"http:\/\/5lo.lublin.pl\/?p=11318"},"modified":"2018-12-11T12:16:13","modified_gmt":"2018-12-11T12:16:13","slug":"kasia-kocot-na-podium","status":"publish","type":"post","link":"https:\/\/5lo.lublin.pl\/?p=11318","title":{"rendered":"Kasia Kocot na podium!"},"content":{"rendered":"<p>11 listopada 2018 roku w Pu\u0142awach odby\u0142o si\u0119 podsumowanie cyklu bieg\u00f3w w ramach Grand Prix Polski \u015arodkowo &#8211; Wschodniej w biegach ulicznych i prze\u0142ajowych 2018 r. Pi\u0105tka w kategorii dziewcz\u0105t szk\u00f3\u0142 ponadgimnazjalnych zaj\u0119\u0142a III miejsce zdobywaj\u0105c 105 punkt\u00f3w. Nasze liceum reprezentowa\u0142a Katarzyna Kocot &#8211; uczennica klasy 2F. Kasia startowa\u0142a w trzech z dziewi\u0119ciu odbywaj\u0105cych si\u0119 bieg\u00f3w tego cyklu.<\/p>\n<ul>\n<li>Pu\u0142awy (05.11.2017\u00a0 &#8211; XXVIII Og\u00f3lnopolskie Biegi Niepodleg\u0142o\u015bciowe &#8211; I miejsce, 35 pkt)<\/li>\n<li>Leszkowice (08.04.2018 XXIII Prze\u0142ajowy Bieg Pierwiosnka &#8211; I miejsce, 35 pkt)<\/li>\n<li>Urszulin (03.06.2018 XXVI Og\u00f3lnopolskie Biegi Ekologiczne &#8211; I miejsce, 35 pkt)<\/li>\n<\/ul>\n<p>Jak mo\u017cna zauwa\u017cy\u0107 uczennica nie mia\u0142a sobie r\u00f3wnych. Kto wie czy bior\u0105c udzia\u0142 w wi\u0119kszej ilo\u015bci bieg\u00f3w nie stan\u0119\u0142a by na jeszcze wy\u017cszym miejscu na podium? \ud83d\ude42 Jeste\u015bmy dumni, \u017ce w\u015br\u00f3d uczni\u00f3w V LO mamy tak zdolnych sportowc\u00f3w.<\/p>\n<p>Kasi \u017cyczymy dalszych sukces\u00f3w!<\/p>\n<div id=\"metaslider-id-11322\" style=\"max-width: 1099px; margin: 0 auto;\" class=\"ml-slider-3-62-0 metaslider metaslider-flex metaslider-11322 ml-slider ms-theme-default\" role=\"region\" aria-roledescription=\"Slideshow\" aria-label=\"Kasia Kocot\">\n    <div id=\"metaslider_container_11322\">\n        <div id=\"metaslider_11322\" class=\"flexslider\">\n            <ul aria-live=\"polite\" class=\"slides\">\n                <li style=\"display: block; width: 100%;\" class=\"slide-11326 ms-image \" aria-roledescription=\"slide\" aria-label=\"slide-11326\"><img loading=\"lazy\" decoding=\"async\" src=\"https:\/\/5lo.lublin.pl\/wp-content\/uploads\/2018\/12\/20181111_111318-1099x900.jpeg\" height=\"900\" width=\"1099\" alt=\"\" class=\"slider-11322 slide-11326\" title=\"20181111_111318\" \/><\/li>\n                <li style=\"display: none; width: 100%;\" class=\"slide-11327 ms-image \" aria-roledescription=\"slide\" aria-label=\"slide-11327\"><img loading=\"lazy\" decoding=\"async\" src=\"https:\/\/5lo.lublin.pl\/wp-content\/uploads\/2018\/12\/IMG_20180603_122250-1-1099x900.jpg\" height=\"900\" width=\"1099\" alt=\"\" class=\"slider-11322 slide-11327\" title=\"All-focus\" \/><div class=\"caption-wrap\"><div class=\"caption\">All-focus<\/div><\/div><\/li>\n                <li style=\"display: none; width: 100%;\" class=\"slide-11328 ms-image \" aria-roledescription=\"slide\" aria-label=\"slide-11328\"><img loading=\"lazy\" decoding=\"async\" src=\"https:\/\/5lo.lublin.pl\/wp-content\/uploads\/2018\/12\/IMG_20181123_131112-1099x900.jpg\" height=\"900\" width=\"1099\" alt=\"\" class=\"slider-11322 slide-11328\" title=\"IMG_20181123_131112\" \/><\/li>\n            <\/ul>\n        <\/div>\n        \n    <\/div>\n<\/div>\n","protected":false},"excerpt":{"rendered":"<p>11 listopada 2018 roku w Pu\u0142awach odby\u0142o si\u0119 podsumowanie cyklu bieg\u00f3w w ramach Grand Prix Polski \u015arodkowo &#8211; Wschodniej w biegach ulicznych i prze\u0142ajowych 2018 r. Pi\u0105tka w kategorii dziewcz\u0105t szk\u00f3\u0142 ponadgimnazjalnych zaj\u0119\u0142a III miejsce zdobywaj\u0105c 105 punkt\u00f3w. Nasze liceum reprezentowa\u0142a Katarzyna Kocot &#8211; uczennica klasy 2F. Kasia startowa\u0142a w trzech z dziewi\u0119ciu odbywaj\u0105cych si\u0119 [&hellip;]<\/p>\n","protected":false},"author":12,"featured_media":11320,"comment_status":"open","ping_status":"open","sticky":false,"template":"","format":"standard","meta":{"footnotes":""},"categories":[138,133],"tags":[],"_links":{"self":[{"href":"https:\/\/5lo.lublin.pl\/index.php?rest_route=\/wp\/v2\/posts\/11318"}],"collection":[{"href":"https:\/\/5lo.lublin.pl\/index.php?rest_route=\/wp\/v2\/posts"}],"about":[{"href":"https:\/\/5lo.lublin.pl\/index.php?rest_route=\/wp\/v2\/types\/post"}],"author":[{"embeddable":true,"href":"https:\/\/5lo.lublin.pl\/index.php?rest_route=\/wp\/v2\/users\/12"}],"replies":[{"embeddable":true,"href":"https:\/\/5lo.lublin.pl\/index.php?rest_route=%2Fwp%2Fv2%2Fcomments&post=11318"}],"version-history":[{"count":2,"href":"https:\/\/5lo.lublin.pl\/index.php?rest_route=\/wp\/v2\/posts\/11318\/revisions"}],"predecessor-version":[{"id":11330,"href":"https:\/\/5lo.lublin.pl\/index.php?rest_route=\/wp\/v2\/posts\/11318\/revisions\/11330"}],"wp:featuredmedia":[{"embeddable":true,"href":"https:\/\/5lo.lublin.pl\/index.php?rest_route=\/wp\/v2\/media\/11320"}],"wp:attachment":[{"href":"https:\/\/5lo.lublin.pl\/index.php?rest_route=%2Fwp%2Fv2%2Fmedia&parent=11318"}],"wp:term":[{"taxonomy":"category","embeddable":true,"href":"https:\/\/5lo.lublin.pl\/index.php?rest_route=%2Fwp%2Fv2%2Fcategories&post=11318"},{"taxonomy":"post_tag","embeddable":true,"href":"https:\/\/5lo.lublin.pl\/index.php?rest_route=%2Fwp%2Fv2%2Ftags&post=11318"}],"curies":[{"name":"wp","href":"https:\/\/api.w.org\/{rel}","templated":true}]}}