{"id":11263,"date":"2018-11-29T08:21:21","date_gmt":"2018-11-29T08:21:21","guid":{"rendered":"http:\/\/5lo.lublin.pl\/?p=11263"},"modified":"2018-11-29T08:23:42","modified_gmt":"2018-11-29T08:23:42","slug":"projekt-szkolny-rok-2018-rokiem-zbigniewa-herberta","status":"publish","type":"post","link":"https:\/\/5lo.lublin.pl\/?p=11263","title":{"rendered":"Projekt szkolny &#8222;Rok 2018 &#8211; Rokiem Zbigniewa Herberta&#8221;"},"content":{"rendered":"<p><strong>28 listopada br. biblioteka szkolna zrealizowa\u0142a projekt poetycki z okazji Roku Zbigniewa Herberta.<\/strong><\/p>\n<p>Projekt obejmowa\u0142:<\/p>\n<p>&#8211; wystaw\u0119 o Zbigniewie Herbercie<\/p>\n<p>&#8211; wystaw\u0119 Jego poezji<\/p>\n<p>&#8211; o\u015b czasu, na kt\u00f3rej umieszczono:<\/p>\n<p>* daty z \u017cyciorysu Poety,<\/p>\n<p>* daty wyda\u0144 Jego tomik\u00f3w wierszy<\/p>\n<p>* daty nagr\u00f3d, kt\u00f3re otrzyma\u0142 nie tylko w Polsce, ale te\u017c w wielu krajach \u015bwiata<\/p>\n<p>* ciekawe formy upami\u0119tnienia Poety<\/p>\n<p>&#8211; koncert poezji Herberta, \u015bpiewanej przez Przemys\u0142awa Gintrowskiego<\/p>\n<p>&#8211; wiersze Poety recytowane przez uczni\u00f3w klasy I H,<\/p>\n<p>&#8211; konkurs wiedzy o Jego \u017cyciu i tw\u00f3rczo\u015bci.<\/p>\n<p>Zwyci\u0119zcy konkursu otrzymali s\u0142odkie upominki z bakaliami.<\/p>\n<p><strong>Dzi\u0119kujemy uczestnikom za udzia\u0142 projekcie.\u00a0 Serdecznie zapraszamy wszystkich do w\u0142\u0105czenia si\u0119 w inne projekty i akcje naszej biblioteki.<\/strong><\/p>\n<div id=\"metaslider-id-11265\" style=\"max-width: 1099px; margin: 0 auto;\" class=\"ml-slider-3-62-0 metaslider metaslider-flex metaslider-11265 ml-slider ms-theme-default\" role=\"region\" aria-roledescription=\"Slideshow\" aria-label=\"Herbert\">\n    <div id=\"metaslider_container_11265\">\n        <div id=\"metaslider_11265\" class=\"flexslider\">\n            <ul aria-live=\"polite\" class=\"slides\">\n                <li style=\"display: block; width: 100%;\" class=\"slide-11276 ms-image \" aria-roledescription=\"slide\" aria-label=\"slide-11276\"><img loading=\"lazy\" decoding=\"async\" src=\"https:\/\/5lo.lublin.pl\/wp-content\/uploads\/2018\/11\/projektherbert-2-1099x900.jpg\" height=\"900\" width=\"1099\" alt=\"\" class=\"slider-11265 slide-11276\" title=\"projektherbert (2)\" \/><\/li>\n                <li style=\"display: none; width: 100%;\" class=\"slide-11277 ms-image \" aria-roledescription=\"slide\" aria-label=\"slide-11277\"><img loading=\"lazy\" decoding=\"async\" src=\"https:\/\/5lo.lublin.pl\/wp-content\/uploads\/2018\/11\/projektherbert-6-1099x900.jpg\" height=\"900\" width=\"1099\" alt=\"\" class=\"slider-11265 slide-11277\" title=\"projektherbert (6)\" \/><\/li>\n                <li style=\"display: none; width: 100%;\" class=\"slide-11278 ms-image \" aria-roledescription=\"slide\" aria-label=\"slide-11278\"><img loading=\"lazy\" decoding=\"async\" src=\"https:\/\/5lo.lublin.pl\/wp-content\/uploads\/2018\/11\/projektherbert-11-1099x900.jpg\" height=\"900\" width=\"1099\" alt=\"\" class=\"slider-11265 slide-11278\" title=\"projektherbert (11)\" \/><\/li>\n                <li style=\"display: none; width: 100%;\" class=\"slide-11279 ms-image \" aria-roledescription=\"slide\" aria-label=\"slide-11279\"><img loading=\"lazy\" decoding=\"async\" src=\"https:\/\/5lo.lublin.pl\/wp-content\/uploads\/2018\/11\/projektherbert-20-1099x900.jpg\" height=\"900\" width=\"1099\" alt=\"\" class=\"slider-11265 slide-11279\" title=\"projektherbert (20)\" \/><\/li>\n                <li style=\"display: none; width: 100%;\" class=\"slide-11280 ms-image \" aria-roledescription=\"slide\" aria-label=\"slide-11280\"><img loading=\"lazy\" decoding=\"async\" src=\"https:\/\/5lo.lublin.pl\/wp-content\/uploads\/2018\/11\/projektherbert-24-1099x900.jpg\" height=\"900\" width=\"1099\" alt=\"\" class=\"slider-11265 slide-11280\" title=\"projektherbert (24)\" \/><\/li>\n                <li style=\"display: none; width: 100%;\" class=\"slide-11281 ms-image \" aria-roledescription=\"slide\" aria-label=\"slide-11281\"><img loading=\"lazy\" decoding=\"async\" src=\"https:\/\/5lo.lublin.pl\/wp-content\/uploads\/2018\/11\/projektherbert-34-1099x900.jpg\" height=\"900\" width=\"1099\" alt=\"\" class=\"slider-11265 slide-11281\" title=\"projektherbert (34)\" \/><\/li>\n                <li style=\"display: none; width: 100%;\" class=\"slide-11282 ms-image \" aria-roledescription=\"slide\" aria-label=\"slide-11282\"><img loading=\"lazy\" decoding=\"async\" src=\"https:\/\/5lo.lublin.pl\/wp-content\/uploads\/2018\/11\/projektherbert-35-1099x900.jpg\" height=\"900\" width=\"1099\" alt=\"\" class=\"slider-11265 slide-11282\" title=\"projektherbert (35)\" \/><\/li>\n                <li style=\"display: none; width: 100%;\" class=\"slide-11283 ms-image \" aria-roledescription=\"slide\" aria-label=\"slide-11283\"><img loading=\"lazy\" decoding=\"async\" src=\"https:\/\/5lo.lublin.pl\/wp-content\/uploads\/2018\/11\/projektherbert-39-1099x900.jpg\" height=\"900\" width=\"1099\" alt=\"\" class=\"slider-11265 slide-11283\" title=\"projektherbert (39)\" \/><\/li>\n                <li style=\"display: none; width: 100%;\" class=\"slide-11284 ms-image \" aria-roledescription=\"slide\" aria-label=\"slide-11284\"><img loading=\"lazy\" decoding=\"async\" src=\"https:\/\/5lo.lublin.pl\/wp-content\/uploads\/2018\/11\/projektherbert-41-1099x900.jpg\" height=\"900\" width=\"1099\" alt=\"\" class=\"slider-11265 slide-11284\" title=\"projektherbert (41)\" \/><\/li>\n                <li style=\"display: none; width: 100%;\" class=\"slide-11285 ms-image \" aria-roledescription=\"slide\" aria-label=\"slide-11285\"><img loading=\"lazy\" decoding=\"async\" src=\"https:\/\/5lo.lublin.pl\/wp-content\/uploads\/2018\/11\/projektherbert-42-1099x900.jpg\" height=\"900\" width=\"1099\" alt=\"\" class=\"slider-11265 slide-11285\" title=\"projektherbert (42)\" \/><\/li>\n            <\/ul>\n        <\/div>\n        \n    <\/div>\n<\/div>\n","protected":false},"excerpt":{"rendered":"<p>28 listopada br. biblioteka szkolna zrealizowa\u0142a projekt poetycki z okazji Roku Zbigniewa Herberta. Projekt obejmowa\u0142: &#8211; wystaw\u0119 o Zbigniewie Herbercie &#8211; wystaw\u0119 Jego poezji &#8211; o\u015b czasu, na kt\u00f3rej umieszczono: * daty z \u017cyciorysu Poety, * daty wyda\u0144 Jego tomik\u00f3w wierszy * daty nagr\u00f3d, kt\u00f3re otrzyma\u0142 nie tylko w Polsce, ale te\u017c w wielu krajach [&hellip;]<\/p>\n","protected":false},"author":145,"featured_media":11273,"comment_status":"open","ping_status":"open","sticky":false,"template":"","format":"standard","meta":{"footnotes":""},"categories":[222,1],"tags":[],"_links":{"self":[{"href":"https:\/\/5lo.lublin.pl\/index.php?rest_route=\/wp\/v2\/posts\/11263"}],"collection":[{"href":"https:\/\/5lo.lublin.pl\/index.php?rest_route=\/wp\/v2\/posts"}],"about":[{"href":"https:\/\/5lo.lublin.pl\/index.php?rest_route=\/wp\/v2\/types\/post"}],"author":[{"embeddable":true,"href":"https:\/\/5lo.lublin.pl\/index.php?rest_route=\/wp\/v2\/users\/145"}],"replies":[{"embeddable":true,"href":"https:\/\/5lo.lublin.pl\/index.php?rest_route=%2Fwp%2Fv2%2Fcomments&post=11263"}],"version-history":[{"count":1,"href":"https:\/\/5lo.lublin.pl\/index.php?rest_route=\/wp\/v2\/posts\/11263\/revisions"}],"predecessor-version":[{"id":11286,"href":"https:\/\/5lo.lublin.pl\/index.php?rest_route=\/wp\/v2\/posts\/11263\/revisions\/11286"}],"wp:featuredmedia":[{"embeddable":true,"href":"https:\/\/5lo.lublin.pl\/index.php?rest_route=\/wp\/v2\/media\/11273"}],"wp:attachment":[{"href":"https:\/\/5lo.lublin.pl\/index.php?rest_route=%2Fwp%2Fv2%2Fmedia&parent=11263"}],"wp:term":[{"taxonomy":"category","embeddable":true,"href":"https:\/\/5lo.lublin.pl\/index.php?rest_route=%2Fwp%2Fv2%2Fcategories&post=11263"},{"taxonomy":"post_tag","embeddable":true,"href":"https:\/\/5lo.lublin.pl\/index.php?rest_route=%2Fwp%2Fv2%2Ftags&post=11263"}],"curies":[{"name":"wp","href":"https:\/\/api.w.org\/{rel}","templated":true}]}}