{"id":11254,"date":"2018-11-22T08:44:13","date_gmt":"2018-11-22T08:44:13","guid":{"rendered":"http:\/\/5lo.lublin.pl\/?p=11254"},"modified":"2018-11-22T08:45:45","modified_gmt":"2018-11-22T08:45:45","slug":"zbigniew-herbert-literackim-patronem-roku-2018","status":"publish","type":"post","link":"https:\/\/5lo.lublin.pl\/?p=11254","title":{"rendered":"Zbigniew Herbert &#8211; Literackim Patronem Roku 2018"},"content":{"rendered":"<p>Z tej okazji 28 listopada biblioteka szkolna zaprasza na przygotowany o Nim projekt.<\/p>\n<p>B\u0119dzie on zawiera\u0142:<\/p>\n<p>&#8211; wystaw\u0119 dzie\u0142 Poety z ksi\u0119gozbioru biblioteki,<\/p>\n<p>&#8211; wystaw\u0119 o \u017cyciu i tw\u00f3rczo\u015bci Poety,<\/p>\n<p>&#8211; wystaw\u0119 wierszy Zbigniewa Herberta,<\/p>\n<p>&#8211; lini\u0119 czasu z informacjami dotycz\u0105cymi wyda\u0144 tomik\u00f3w poetyckich, nagr\u00f3d, kt\u00f3re otrzyma\u0142&#8230;,<\/p>\n<p>&#8211; recytacja wierszy,<\/p>\n<p>&#8211; zapoznanie si\u0119 z tw\u00f3rczo\u015bci\u0105 Poety poprzez teksty odczytywane z kod\u00f3w QR,<\/p>\n<p>&#8211; konkurs o Wieszczu z nagrodami z u\u017cyciem kod\u00f3w QR.<\/p>\n<p><strong>Zapraszamy do korzystania w szkolnej bibliotece z dost\u0119pnej literatury o naszym wybitnym Poecie.<\/strong><\/p>\n","protected":false},"excerpt":{"rendered":"<p>Z tej okazji 28 listopada biblioteka szkolna zaprasza na przygotowany o Nim projekt. B\u0119dzie on zawiera\u0142: &#8211; wystaw\u0119 dzie\u0142 Poety z ksi\u0119gozbioru biblioteki, &#8211; wystaw\u0119 o \u017cyciu i tw\u00f3rczo\u015bci Poety, &#8211; wystaw\u0119 wierszy Zbigniewa Herberta, &#8211; lini\u0119 czasu z informacjami dotycz\u0105cymi wyda\u0144 tomik\u00f3w poetyckich, nagr\u00f3d, kt\u00f3re otrzyma\u0142&#8230;, &#8211; recytacja wierszy, &#8211; zapoznanie si\u0119 z tw\u00f3rczo\u015bci\u0105 [&hellip;]<\/p>\n","protected":false},"author":145,"featured_media":11257,"comment_status":"open","ping_status":"open","sticky":false,"template":"","format":"standard","meta":{"footnotes":""},"categories":[222,1],"tags":[],"_links":{"self":[{"href":"https:\/\/5lo.lublin.pl\/index.php?rest_route=\/wp\/v2\/posts\/11254"}],"collection":[{"href":"https:\/\/5lo.lublin.pl\/index.php?rest_route=\/wp\/v2\/posts"}],"about":[{"href":"https:\/\/5lo.lublin.pl\/index.php?rest_route=\/wp\/v2\/types\/post"}],"author":[{"embeddable":true,"href":"https:\/\/5lo.lublin.pl\/index.php?rest_route=\/wp\/v2\/users\/145"}],"replies":[{"embeddable":true,"href":"https:\/\/5lo.lublin.pl\/index.php?rest_route=%2Fwp%2Fv2%2Fcomments&post=11254"}],"version-history":[{"count":2,"href":"https:\/\/5lo.lublin.pl\/index.php?rest_route=\/wp\/v2\/posts\/11254\/revisions"}],"predecessor-version":[{"id":11261,"href":"https:\/\/5lo.lublin.pl\/index.php?rest_route=\/wp\/v2\/posts\/11254\/revisions\/11261"}],"wp:featuredmedia":[{"embeddable":true,"href":"https:\/\/5lo.lublin.pl\/index.php?rest_route=\/wp\/v2\/media\/11257"}],"wp:attachment":[{"href":"https:\/\/5lo.lublin.pl\/index.php?rest_route=%2Fwp%2Fv2%2Fmedia&parent=11254"}],"wp:term":[{"taxonomy":"category","embeddable":true,"href":"https:\/\/5lo.lublin.pl\/index.php?rest_route=%2Fwp%2Fv2%2Fcategories&post=11254"},{"taxonomy":"post_tag","embeddable":true,"href":"https:\/\/5lo.lublin.pl\/index.php?rest_route=%2Fwp%2Fv2%2Ftags&post=11254"}],"curies":[{"name":"wp","href":"https:\/\/api.w.org\/{rel}","templated":true}]}}