{"id":11061,"date":"2018-11-19T17:58:41","date_gmt":"2018-11-19T17:58:41","guid":{"rendered":"http:\/\/5lo.lublin.pl\/?p=11061"},"modified":"2018-11-21T19:04:11","modified_gmt":"2018-11-21T19:04:11","slug":"gala-jubileuszu-70-lecia-v-liceum-ogolnoksztalcacego","status":"publish","type":"post","link":"https:\/\/5lo.lublin.pl\/?p=11061","title":{"rendered":"Gala Jubileuszu 70-lecia V Liceum Og\u00f3lnokszta\u0142c\u0105cego"},"content":{"rendered":"<h3 style=\"text-align: center;\"><strong>Gala Jubileuszu 70-lecia V Liceum Og\u00f3lnokszta\u0142c\u0105cego<\/strong><\/h3>\n<h3 style=\"text-align: center;\"><strong>Marii Sk\u0142odowskiej-Curie w Lublinie<\/strong><\/h3>\n<p>&nbsp;<\/p>\n<p>Jubileuszowe \u015bwi\u0119towanie 70-lecia V LO w Lublinie rozpocz\u0119\u0142o si\u0119 6 listopada 2018 r. uroczyst\u0105 Msz\u0105 \u015bwi\u0119t\u0105 w Ko\u015bciele Akademickim KUL. Gala Jubileuszu odby\u0142a si\u0119 7 listopada 2018 r. w Sali Operowej Centrum Spotkania Kultur w Lublinie. Wydarzenie obj\u0119te zosta\u0142o <strong>Honorowym Patronatem Prezydenta Miasta Lublin, pana Krzysztofa \u017buka<\/strong> oraz <strong>Marsza\u0142ka Wojew\u00f3dztwa Lubelskiego, pana S\u0142awomira Sosnowskiego.<\/strong><\/p>\n<p>Uroczysto\u015b\u0107 zaszczyci\u0142y sw\u0105 obecno\u015bci\u0105 w\u0142adze wojew\u00f3dztwa, miasta, Sejmiku Wojew\u00f3dztwa Lubelskiego. W\u0142adze o\u015bwiatowe miasta <strong>reprezentowa\u0142a Dyrektor Wydzia\u0142u O\u015bwiaty, pani Ewa Dumkiewicz-Sprawka<\/strong> oraz <strong>Lubelska Kurator O\u015bwiaty, pani Teresa Misiuk<\/strong>. Na gal\u0119 przybyli tak\u017ce przedstawiciele w\u0142adz lubelskich uczelni wy\u017cszych. Nie zabrak\u0142o r\u00f3wnie\u017c dyrektor\u00f3w lubelskich szk\u00f3\u0142, instytucji wsp\u00f3\u0142pracuj\u0105cych z V LO, przedstawicieli Rady Rodzic\u00f3w, a gospodarzem spotkania by\u0142 <strong>dyrektor, pan Zbigniew Jakuszko wraz \u00a0z wicedyrektorami: pani\u0105 Eliz\u0105 Dziub\u0105 i pani\u0105 Joann\u0105 Mazur. <\/strong>Gala zgromadzi\u0142a tak\u017ce nauczycieli emerytowanych szko\u0142y, jej Grono Pedagogiczne oraz uczni\u00f3w. W\u015br\u00f3d go\u015bci znale\u017ali si\u0119 tak\u017ce przedstawiciele zaprzyja\u017anionej <strong>Gesamtschule z Schermbeck<\/strong>, z dyrektorem szko\u0142y, panem <strong>Norbertem Hormannem.<\/strong><\/p>\n<p>Uroczysto\u015b\u0107 mia\u0142a charakter dwudzielny, cz\u0119\u015b\u0107 pierwsza po\u015bwi\u0119cona by\u0142a jubileuszowi szko\u0142y, natomiast drug\u0105 stanowi\u0142a gala <strong>Og\u00f3lnopolskiego Przegl\u0105du Poezji <em>XXI Jesienne Debiuty Poetyckie<\/em><\/strong> (V LO wsp\u00f3\u0142organizatorem konkursu).<\/p>\n<p>Ca\u0142o\u015b\u0107 rozpocz\u0105\u0142 niekonwencjonalny koncert Zespo\u0142u Instrumentalnego Uczni\u00f3w i Absolwent\u00f3w V LO pod dyr. Przemys\u0142awa Packa (absolwenta szko\u0142y z 2018 r.). Jubileuszowa symfonia skomponowana przez P. Packa okaza\u0142a si\u0119 muzyczn\u0105 inscenizacj\u0105 z \u017cycia szkolnej spo\u0142eczno\u015bci. Dodatkowo, m\u0142ody artysta po\u0142\u0105czy\u0142 \u015bwi\u0119to szko\u0142y z obchodami <strong>100. rocznicy odzyskania przez Polsk\u0119 niepodleg\u0142o\u015bci<\/strong>, aran\u017cuj\u0105c walca Wojciecha Kilara z filmu <em>Ziemia obiecana <\/em>w re\u017c. A. Wajdy. Cz\u0119\u015b\u0107 wokaln\u0105 koncertu zaprezentowa\u0142a uczennica szko\u0142y, Maria Kopi\u0144ska, wykonuj\u0105c utw\u00f3r <em>Rozkwita\u0142y p\u0105ki bia\u0142ych r\u00f3\u017c.<\/em><\/p>\n<p>Po cz\u0119\u015bci artystycznej wprowadzono Sztandar V LO oraz wykonano hymn narodowy. Dwie wa\u017cne rocznice w \u017cyciu szkolnej spo\u0142eczno\u015bci sta\u0142y si\u0119 tematem przem\u00f3wienia <strong>Dyrektora V LO, pana Zbigniewa Jakuszko<\/strong>, kt\u00f3ry podkre\u015bli\u0142 rang\u0119 jubileuszu 70- lecia szko\u0142y kontekstem powinno\u015bci wobec Niepodleg\u0142ej. M\u0142odzie\u017c zadba\u0142a tego dnia o symboliczne kotyliony zar\u00f3wno dla zaproszonych go\u015bci, jak i ca\u0142ej spo\u0142eczno\u015bci szkolnej.<\/p>\n<p>Dyrektor, pan\u00a0 Z. Jakuszko przyj\u0105\u0142 od uczni\u00f3w klas pierwszych \u00a0\u015blubowanie na Sztandar Szko\u0142y i odda\u0142 g\u0142os zaproszonym go\u015bciom.<\/p>\n<p>W imieniu <strong>Wojewody Lubelskiego<\/strong> g\u0142os zabra\u0142a dyrektor generalna <strong>Lubelskiego Urz\u0119du Wojew\u00f3dzkiego, pani Agata Grula. <\/strong>Decyzj\u0105 pana Wojewody, szkole przyznano dyplom uznania za \u201ekonsekwentnie prowadzony i sp\u00f3jny program edukacji oraz wychowanie oparte na szacunku do historii, tradycji i kultury polskiej\u201d. List gratulacyjny odnosi\u0142 si\u0119 tak\u017ce kszta\u0142towanych przez szko\u0142\u0119 postaw, dba\u0142o\u015b\u0107 o sta\u0142e podnoszenie jako\u015bci kszta\u0142cenia oraz inspirowanie uczni\u00f3w do zdobywania i pog\u0142\u0119biania wiedzy, talent\u00f3w i pasji.<\/p>\n<p><strong>Prezydent Miasta Lublin, pan Krzysztof\u00a0 \u017buk<\/strong> skierowa\u0142 do ca\u0142ej szkolnej spo\u0142eczno\u015bci <strong>list gratulacyjny<\/strong> w dow\u00f3d \u201euznania dla imponuj\u0105cego dorobku szko\u0142y opartego na kszta\u0142ceniu, wychowaniu m\u0142odzie\u017cy w duchu poszanowania fundamentalnych warto\u015bci dobra, pi\u0119kna i prawdy\u201d.<\/p>\n<p>Pan Prezydent przyzna\u0142 <strong>Dyrektorowi V LO, panu Zbigniewowi Jakuszko oraz szkole Medale <\/strong><\/p>\n<p><strong>700-lecia Miasta Lublin <\/strong>za zaanga\u017cowanie w rozw\u00f3j Miasta oraz zas\u0142ugi dla jego Mieszka\u0144c\u00f3w. Natomiast dwana\u015bcioro nauczycieli z <strong>Grona Pedagogicznego V LO <\/strong>zosta\u0142o uhonorowanych <strong>Medalem Prezydenta Miasta Lublin.<\/strong><\/p>\n<p><strong>W imieniu Marsza\u0142ka Wojew\u00f3dztwa Lubelskiego, pana S\u0142awomira Sosnowskiego g\u0142os zabra\u0142a Sekretarz Wojew\u00f3dztwa Lubelskiego, pani Anna Augustyniak. <\/strong>Decyzj\u0105 pana Marsza\u0142ka czworo nauczycieli z <strong>Grona Pedagogicznego V LO<\/strong> uhonorowanych zosta\u0142o <strong>Medalem Pami\u0105tkowym Wojew\u00f3dztwa Lubelskiego.<\/strong><\/p>\n<p><strong>Gratulacje <\/strong>z okazji jubileuszu dla Dyrektora V LO oraz ca\u0142ej spo\u0142eczno\u015bci szkolnej z\u0142o\u017cy\u0142a lubelska <strong>Kurator O\u015bwiaty, pani Teresa Misiuk.<\/strong><\/p>\n<p>W imieniu w\u0142adz<strong> Katolickiego Uniwersytetu Lubelskiego Jana Paw\u0142a II<\/strong> g\u0142os zabra\u0142a <strong>Dziekan Wydzia\u0142u Nauk Humanistycznych, pani profesor Magdalena Charzy\u0144ska- W\u00f3jcik. <\/strong><\/p>\n<p>Pani Dziekan przypominaj\u0105c histori\u0119 wsp\u00f3\u0142pracy Wydzia\u0142u z V LO, podkre\u015bli\u0142a symboliczny charakter roku 2018, jako roku trzech wa\u017cnych jubileuszy: 100- lecia odzyskania przez Polsk\u0119 niepodleg\u0142o\u015bci,<\/p>\n<p>70-lecia istnienia V LO oraz 100- lecia istnienia Katolickiego Uniwersytetu Lubelskiego.<\/p>\n<p>Okoliczno\u015bciow\u0105 mow\u0119 wyg\u0142osi\u0142 dyrektor <strong>Gesamtschule z Schermbeck, <\/strong>pan <strong>Norbert Hormann, <\/strong>kt\u00f3ry od 14 lat wsp\u00f3\u0142pracuje z V LO w Lublinie.<\/p>\n<p>Przem\u00f3wienie <strong>Prodziekana Wydzia\u0142u Nauk Humanistycznych KUL<\/strong>, <strong>pana profesora Dariusza Sk\u00f3rczewskiego <\/strong>rozpocz\u0119\u0142o drug\u0105 cz\u0119\u015b\u0107 uroczysto\u015bci zwi\u0105zanej ze \u015bwi\u0119tem s\u0142owa poetyckiego.<\/p>\n<p><strong>XXI edycja Og\u00f3lnopolskiego Przegl\u0105du Poezji <em>Jesienne Debiuty Poetyckie<\/em><\/strong> odby\u0142a si\u0119 pod <strong>Honorowym Patronatem Wojewody Lubelskiego, pana Przemys\u0142awa Czarnka <\/strong>oraz<strong> Prezydenta Miasta Lublin, pana Krzysztofa \u017buka. <\/strong>Organizatorami konkursu s\u0105: V LO w Lublinie, Wydzia\u0142 Nauk Humanistycznych KUL ( patronuje konkursowi od trzech lat), Zwi\u0105zek Literat\u00f3w Polskich Oddzia\u0142 w Lublinie oraz Fundacja Fuga Mundi.<\/p>\n<p>Odczytaniem protoko\u0142u przez prezesa <strong>Zwi\u0105zku Literat\u00f3w Polskich, pana Stanis\u0142awa \u0141ukowskiego<\/strong> rozpocz\u0119to honorowanie nagrodzonych. <strong>Tytu\u0142 laureata<\/strong> XXI edycji konkursu przyznano <u>pi\u0119ciorgu <\/u>uczestnikom. Jedna z laureatek otrzyma\u0142a tak\u017ce tytu\u0142 <strong>Talentu Roku 2018. <\/strong>Laureaci otrzymali <strong>indeksy<\/strong> na wybrany kierunek Wydzia\u0142u Nauk Humanistycznych KUL, kt\u00f3re wraz z dyplomami uznania wr\u0119czyli: <strong>pani Dziekan, Magdalena Charzy\u0144ska- W\u00f3jcik oraz pan Prodziekan, <\/strong><\/p>\n<p><strong>Dariusz Sk\u00f3rczewski.<\/strong><\/p>\n<p>Tytu\u0142 <strong>finalisty <\/strong><em>Jesiennych Debiut\u00f3w Poetyckich<\/em> przyznano <u>czterem<\/u> uczestniczkom, a nagrody i dyplomy uznania wr\u0119czy\u0142 im <strong>pan profesor Roman Dokt\u00f3r<\/strong>.<\/p>\n<p><u>Pi\u0119ciorgu<\/u> uczestnikom <strong>wyr\u00f3\u017cnionym<\/strong> w konkursie nagrody i dyplomy gratulacyjne wr\u0119czy\u0142a <strong>Dyrektor Instytutu Filologii Polskiej KUL, pani profesor Ma\u0142gorzata Nowak-Barci\u0144ska.<\/strong><\/p>\n<p>Tegoroczna edycja Og\u00f3lnopolskiego Przegl\u0105du Poezji dawa\u0142a tak\u017ce mo\u017cliwo\u015b\u0107 rywalizacji w dw\u00f3ch kategoriach tematycznych.\u00a0 Za <strong>wiersze inspirowane 100. rocznic\u0105 odzyskania przez Polsk\u0119<\/strong> <strong>niepodleg\u0142o\u015bci,<\/strong> nagrodzono <u>siedmioro<\/u> uczestnik\u00f3w. Nagrody ufundowane przez Narodowy Bank Polski Oddzia\u0142 w Lublinie, w postaci srebrnych monet kolekcjonerskich o nominale 10 z\u0142 oraz dyplomy gratulacyjne wr\u0119czy\u0142 <strong>Dyrektor \u00a0V LO, pan Zbigniew Jakuszko. <\/strong>Pan Dyrektor wr\u0119czy\u0142 r\u00f3wnie\u017c nagrody i dyplomy gratulacyjne <u>czworgu <\/u>uczestnikom za <strong>wiersze o Marii Sk\u0142odowskiej-Curie <\/strong>(patronce szko\u0142y).<\/p>\n<p><strong>Nagrod\u0119 specjaln\u0105<\/strong>, wr\u0119czon\u0105 przez <strong>prezesa Zwi\u0105zku Literat\u00f3w Polskich, pana Stanis\u0142awa \u0141ukowskiego<\/strong>, otrzyma\u0142 pan Stanis\u0142aw Przech.<\/p>\n<p>Doceniaj\u0105c wk\u0142ad pracy oraz kszta\u0142towanie w uczniach postawy szacunku wobec s\u0142owa i odpowiedzialno\u015bci za nie, organizatorzy nagrodzili tak\u017ce nauczycieli-opiekun\u00f3w tegorocznych uczestnik\u00f3w. Dyplomy gratulacyjne oraz nagrody pami\u0105tkowe wr\u0119czy\u0142a czternastu nauczycielom dyrektor generalna <strong>Lubelskiego Urz\u0119du Wojew\u00f3dzkiego, pani Agata Grula.<\/strong><\/p>\n<p>Nie zapomniano tak\u017ce o nienagrodzonych uczestnikach XXI edycji konkursu oraz ich opiekunach, kt\u00f3rzy przybyli na gal\u0119 do Sali Operowej CSK, tak\u017ce na nich czeka\u0142y dyplomy i pami\u0105tkowe upominki.<\/p>\n<p>Obu uroczysto\u015bciom, zar\u00f3wno Jubileuszowi 70-lecia V Liceum Og\u00f3lnokszta\u0142c\u0105cego M. Sk\u0142odowskiej-Curie w Lublinie, jak i gali Og\u00f3lnopolskiego Przegl\u0105du Poezji <em>XXI Jesienne Debiuty Poetyckie <\/em>medialnie patronowali: <strong>Telewizja Polska Oddzia\u0142 w Lublinie, Polskie Radio Lublin oraz Kurier Lubelski.<\/strong><\/p>\n<p>Gal\u0119 w Sali Operowej Centrum Spotkania Kultur w Lublinie poprowadzili <u>absolwenci V LO<\/u> (studenci wy\u017cszych szk\u00f3\u0142 teatralnych): <strong>Izabela Szemetiuk i Mateusz Iwaniak<\/strong><\/p>\n<div id=\"metaslider-id-11070\" style=\"max-width: 1099px; margin: 0 auto;\" class=\"ml-slider-3-62-0 metaslider metaslider-flex metaslider-11070 ml-slider ms-theme-default\" role=\"region\" aria-roledescription=\"Slideshow\" aria-label=\"LXX_VLO\">\n    <div id=\"metaslider_container_11070\">\n        <div id=\"metaslider_11070\" class=\"flexslider\">\n            <ul aria-live=\"polite\" class=\"slides\">\n                <li style=\"display: block; width: 100%;\" class=\"slide-11162 ms-image \" aria-roledescription=\"slide\" aria-label=\"slide-11162\"><img loading=\"lazy\" decoding=\"async\" src=\"https:\/\/5lo.lublin.pl\/wp-content\/uploads\/2018\/11\/DSC_9470-1099x900.jpg\" height=\"900\" width=\"1099\" alt=\"\" class=\"slider-11070 slide-11162\" title=\"DSC_9470\" \/><\/li>\n                <li style=\"display: none; width: 100%;\" class=\"slide-11163 ms-image \" aria-roledescription=\"slide\" aria-label=\"slide-11163\"><img loading=\"lazy\" decoding=\"async\" src=\"https:\/\/5lo.lublin.pl\/wp-content\/uploads\/2018\/11\/DSC_9471-1099x900.jpg\" height=\"900\" width=\"1099\" alt=\"\" class=\"slider-11070 slide-11163\" title=\"DSC_9471\" \/><\/li>\n                <li style=\"display: none; width: 100%;\" class=\"slide-11164 ms-image \" aria-roledescription=\"slide\" aria-label=\"slide-11164\"><img loading=\"lazy\" decoding=\"async\" src=\"https:\/\/5lo.lublin.pl\/wp-content\/uploads\/2018\/11\/DSC_9473-1099x900.jpg\" height=\"900\" width=\"1099\" alt=\"\" class=\"slider-11070 slide-11164\" title=\"DSC_9473\" \/><\/li>\n                <li style=\"display: none; width: 100%;\" class=\"slide-11165 ms-image \" aria-roledescription=\"slide\" aria-label=\"slide-11165\"><img loading=\"lazy\" decoding=\"async\" src=\"https:\/\/5lo.lublin.pl\/wp-content\/uploads\/2018\/11\/DSC_9476-1099x900.jpg\" height=\"900\" width=\"1099\" alt=\"\" class=\"slider-11070 slide-11165\" title=\"DSC_9476\" \/><\/li>\n                <li style=\"display: none; width: 100%;\" class=\"slide-11166 ms-image \" aria-roledescription=\"slide\" aria-label=\"slide-11166\"><img loading=\"lazy\" decoding=\"async\" src=\"https:\/\/5lo.lublin.pl\/wp-content\/uploads\/2018\/11\/DSC_9477-1099x900.jpg\" height=\"900\" width=\"1099\" alt=\"\" class=\"slider-11070 slide-11166\" title=\"DSC_9477\" \/><\/li>\n                <li style=\"display: none; width: 100%;\" class=\"slide-11167 ms-image \" aria-roledescription=\"slide\" aria-label=\"slide-11167\"><img loading=\"lazy\" decoding=\"async\" src=\"https:\/\/5lo.lublin.pl\/wp-content\/uploads\/2018\/11\/DSC_9479-1099x900.jpg\" height=\"900\" width=\"1099\" alt=\"\" class=\"slider-11070 slide-11167\" title=\"DSC_9479\" \/><\/li>\n                <li style=\"display: none; width: 100%;\" class=\"slide-11168 ms-image \" aria-roledescription=\"slide\" aria-label=\"slide-11168\"><img loading=\"lazy\" decoding=\"async\" src=\"https:\/\/5lo.lublin.pl\/wp-content\/uploads\/2018\/11\/DSC_9480-1099x900.jpg\" height=\"900\" width=\"1099\" alt=\"\" class=\"slider-11070 slide-11168\" title=\"DSC_9480\" \/><\/li>\n                <li style=\"display: none; width: 100%;\" class=\"slide-11169 ms-image \" aria-roledescription=\"slide\" aria-label=\"slide-11169\"><img loading=\"lazy\" decoding=\"async\" src=\"https:\/\/5lo.lublin.pl\/wp-content\/uploads\/2018\/11\/DSC_9481-1099x900.jpg\" height=\"900\" width=\"1099\" alt=\"\" class=\"slider-11070 slide-11169\" title=\"DSC_9481\" \/><\/li>\n                <li style=\"display: none; width: 100%;\" class=\"slide-11170 ms-image \" aria-roledescription=\"slide\" aria-label=\"slide-11170\"><img loading=\"lazy\" decoding=\"async\" src=\"https:\/\/5lo.lublin.pl\/wp-content\/uploads\/2018\/11\/DSC_9482-1099x900.jpg\" height=\"900\" width=\"1099\" alt=\"\" class=\"slider-11070 slide-11170\" title=\"DSC_9482\" \/><\/li>\n                <li style=\"display: none; width: 100%;\" class=\"slide-11171 ms-image \" aria-roledescription=\"slide\" aria-label=\"slide-11171\"><img loading=\"lazy\" decoding=\"async\" src=\"https:\/\/5lo.lublin.pl\/wp-content\/uploads\/2018\/11\/DSC_9483-1099x900.jpg\" height=\"900\" width=\"1099\" alt=\"\" class=\"slider-11070 slide-11171\" title=\"DSC_9483\" \/><\/li>\n                <li style=\"display: none; width: 100%;\" class=\"slide-11172 ms-image \" aria-roledescription=\"slide\" aria-label=\"slide-11172\"><img loading=\"lazy\" decoding=\"async\" src=\"https:\/\/5lo.lublin.pl\/wp-content\/uploads\/2018\/11\/DSC_9484-1099x900.jpg\" height=\"900\" width=\"1099\" alt=\"\" class=\"slider-11070 slide-11172\" title=\"DSC_9484\" \/><\/li>\n                <li style=\"display: none; width: 100%;\" class=\"slide-11173 ms-image \" aria-roledescription=\"slide\" aria-label=\"slide-11173\"><img loading=\"lazy\" decoding=\"async\" src=\"https:\/\/5lo.lublin.pl\/wp-content\/uploads\/2018\/11\/DSC_9485-1099x900.jpg\" height=\"900\" width=\"1099\" alt=\"\" class=\"slider-11070 slide-11173\" title=\"DSC_9485\" \/><\/li>\n                <li style=\"display: none; width: 100%;\" class=\"slide-11174 ms-image \" aria-roledescription=\"slide\" aria-label=\"slide-11174\"><img loading=\"lazy\" decoding=\"async\" src=\"https:\/\/5lo.lublin.pl\/wp-content\/uploads\/2018\/11\/DSC_9488-1099x900.jpg\" height=\"900\" width=\"1099\" alt=\"\" class=\"slider-11070 slide-11174\" title=\"DSC_9488\" \/><\/li>\n                <li style=\"display: none; width: 100%;\" class=\"slide-11175 ms-image \" aria-roledescription=\"slide\" aria-label=\"slide-11175\"><img loading=\"lazy\" decoding=\"async\" src=\"https:\/\/5lo.lublin.pl\/wp-content\/uploads\/2018\/11\/DSC_9490-1099x900.jpg\" height=\"900\" width=\"1099\" alt=\"\" class=\"slider-11070 slide-11175\" title=\"DSC_9490\" \/><\/li>\n                <li style=\"display: none; width: 100%;\" class=\"slide-11176 ms-image \" aria-roledescription=\"slide\" aria-label=\"slide-11176\"><img loading=\"lazy\" decoding=\"async\" src=\"https:\/\/5lo.lublin.pl\/wp-content\/uploads\/2018\/11\/DSC_9491-1099x900.jpg\" height=\"900\" width=\"1099\" alt=\"\" class=\"slider-11070 slide-11176\" title=\"DSC_9491\" \/><\/li>\n                <li style=\"display: none; width: 100%;\" class=\"slide-11177 ms-image \" aria-roledescription=\"slide\" aria-label=\"slide-11177\"><img loading=\"lazy\" decoding=\"async\" src=\"https:\/\/5lo.lublin.pl\/wp-content\/uploads\/2018\/11\/DSC_9494-1099x900.jpg\" height=\"900\" width=\"1099\" alt=\"\" class=\"slider-11070 slide-11177\" title=\"DSC_9494\" \/><\/li>\n                <li style=\"display: none; width: 100%;\" class=\"slide-11178 ms-image \" aria-roledescription=\"slide\" aria-label=\"slide-11178\"><img loading=\"lazy\" decoding=\"async\" src=\"https:\/\/5lo.lublin.pl\/wp-content\/uploads\/2018\/11\/DSC_9496-1099x900.jpg\" height=\"900\" width=\"1099\" alt=\"\" class=\"slider-11070 slide-11178\" title=\"DSC_9496\" \/><\/li>\n                <li style=\"display: none; width: 100%;\" class=\"slide-11179 ms-image \" aria-roledescription=\"slide\" aria-label=\"slide-11179\"><img loading=\"lazy\" decoding=\"async\" src=\"https:\/\/5lo.lublin.pl\/wp-content\/uploads\/2018\/11\/DSC_9497-1099x900.jpg\" height=\"900\" width=\"1099\" alt=\"\" class=\"slider-11070 slide-11179\" title=\"DSC_9497\" \/><\/li>\n                <li style=\"display: none; width: 100%;\" class=\"slide-11180 ms-image \" aria-roledescription=\"slide\" aria-label=\"slide-11180\"><img loading=\"lazy\" decoding=\"async\" src=\"https:\/\/5lo.lublin.pl\/wp-content\/uploads\/2018\/11\/DSC_9499-1099x900.jpg\" height=\"900\" width=\"1099\" alt=\"\" class=\"slider-11070 slide-11180\" title=\"DSC_9499\" \/><\/li>\n                <li style=\"display: none; width: 100%;\" class=\"slide-11181 ms-image \" aria-roledescription=\"slide\" aria-label=\"slide-11181\"><img loading=\"lazy\" decoding=\"async\" src=\"https:\/\/5lo.lublin.pl\/wp-content\/uploads\/2018\/11\/DSC_9501-1099x900.jpg\" height=\"900\" width=\"1099\" alt=\"\" class=\"slider-11070 slide-11181\" title=\"DSC_9501\" \/><\/li>\n                <li style=\"display: none; width: 100%;\" class=\"slide-11182 ms-image \" aria-roledescription=\"slide\" aria-label=\"slide-11182\"><img loading=\"lazy\" decoding=\"async\" src=\"https:\/\/5lo.lublin.pl\/wp-content\/uploads\/2018\/11\/DSC_9504-1099x900.jpg\" height=\"900\" width=\"1099\" alt=\"\" class=\"slider-11070 slide-11182\" title=\"DSC_9504\" \/><\/li>\n                <li style=\"display: none; width: 100%;\" class=\"slide-11183 ms-image \" aria-roledescription=\"slide\" aria-label=\"slide-11183\"><img loading=\"lazy\" decoding=\"async\" src=\"https:\/\/5lo.lublin.pl\/wp-content\/uploads\/2018\/11\/DSC_9505-e1542827583749-1063x870.jpg\" height=\"900\" width=\"1099\" alt=\"\" class=\"slider-11070 slide-11183\" title=\"DSC_9505\" \/><\/li>\n                <li style=\"display: none; width: 100%;\" class=\"slide-11184 ms-image \" aria-roledescription=\"slide\" aria-label=\"slide-11184\"><img loading=\"lazy\" decoding=\"async\" src=\"https:\/\/5lo.lublin.pl\/wp-content\/uploads\/2018\/11\/DSC_9506-1099x900.jpg\" height=\"900\" width=\"1099\" alt=\"\" class=\"slider-11070 slide-11184\" title=\"DSC_9506\" \/><\/li>\n                <li style=\"display: none; width: 100%;\" class=\"slide-11185 ms-image \" aria-roledescription=\"slide\" aria-label=\"slide-11185\"><img loading=\"lazy\" decoding=\"async\" src=\"https:\/\/5lo.lublin.pl\/wp-content\/uploads\/2018\/11\/DSC_9510-1099x900.jpg\" height=\"900\" width=\"1099\" alt=\"\" class=\"slider-11070 slide-11185\" title=\"DSC_9510\" \/><\/li>\n                <li style=\"display: none; width: 100%;\" class=\"slide-11186 ms-image \" aria-roledescription=\"slide\" aria-label=\"slide-11186\"><img loading=\"lazy\" decoding=\"async\" src=\"https:\/\/5lo.lublin.pl\/wp-content\/uploads\/2018\/11\/DSC_9517-1099x900.jpg\" height=\"900\" width=\"1099\" alt=\"\" class=\"slider-11070 slide-11186\" title=\"DSC_9517\" \/><\/li>\n                <li style=\"display: none; width: 100%;\" class=\"slide-11187 ms-image \" aria-roledescription=\"slide\" aria-label=\"slide-11187\"><img loading=\"lazy\" decoding=\"async\" src=\"https:\/\/5lo.lublin.pl\/wp-content\/uploads\/2018\/11\/DSC_9519-1099x900.jpg\" height=\"900\" width=\"1099\" alt=\"\" class=\"slider-11070 slide-11187\" title=\"DSC_9519\" \/><\/li>\n                <li style=\"display: none; width: 100%;\" class=\"slide-11188 ms-image \" aria-roledescription=\"slide\" aria-label=\"slide-11188\"><img loading=\"lazy\" decoding=\"async\" src=\"https:\/\/5lo.lublin.pl\/wp-content\/uploads\/2018\/11\/DSC_9521-1099x900.jpg\" height=\"900\" width=\"1099\" alt=\"\" class=\"slider-11070 slide-11188\" title=\"DSC_9521\" \/><\/li>\n                <li style=\"display: none; width: 100%;\" class=\"slide-11189 ms-image \" aria-roledescription=\"slide\" aria-label=\"slide-11189\"><img loading=\"lazy\" decoding=\"async\" src=\"https:\/\/5lo.lublin.pl\/wp-content\/uploads\/2018\/11\/DSC_9525-1099x900.jpg\" height=\"900\" width=\"1099\" alt=\"\" class=\"slider-11070 slide-11189\" title=\"DSC_9525\" \/><\/li>\n                <li style=\"display: none; width: 100%;\" class=\"slide-11190 ms-image \" aria-roledescription=\"slide\" aria-label=\"slide-11190\"><img loading=\"lazy\" decoding=\"async\" src=\"https:\/\/5lo.lublin.pl\/wp-content\/uploads\/2018\/11\/DSC_9527-1099x900.jpg\" height=\"900\" width=\"1099\" alt=\"\" class=\"slider-11070 slide-11190\" title=\"DSC_9527\" \/><\/li>\n                <li style=\"display: none; width: 100%;\" class=\"slide-11191 ms-image \" aria-roledescription=\"slide\" aria-label=\"slide-11191\"><img loading=\"lazy\" decoding=\"async\" src=\"https:\/\/5lo.lublin.pl\/wp-content\/uploads\/2018\/11\/DSC_9528-1099x900.jpg\" height=\"900\" width=\"1099\" alt=\"\" class=\"slider-11070 slide-11191\" title=\"DSC_9528\" \/><\/li>\n                <li style=\"display: none; width: 100%;\" class=\"slide-11192 ms-image \" aria-roledescription=\"slide\" aria-label=\"slide-11192\"><img loading=\"lazy\" decoding=\"async\" src=\"https:\/\/5lo.lublin.pl\/wp-content\/uploads\/2018\/11\/DSC_9530-e1542827646557-1063x870.jpg\" height=\"900\" width=\"1099\" alt=\"\" class=\"slider-11070 slide-11192\" title=\"DSC_9530\" \/><\/li>\n                <li style=\"display: none; width: 100%;\" class=\"slide-11193 ms-image \" aria-roledescription=\"slide\" aria-label=\"slide-11193\"><img loading=\"lazy\" decoding=\"async\" src=\"https:\/\/5lo.lublin.pl\/wp-content\/uploads\/2018\/11\/DSC_9537-1099x900.jpg\" height=\"900\" width=\"1099\" alt=\"\" class=\"slider-11070 slide-11193\" title=\"DSC_9537\" \/><\/li>\n                <li style=\"display: none; width: 100%;\" class=\"slide-11194 ms-image \" aria-roledescription=\"slide\" aria-label=\"slide-11194\"><img loading=\"lazy\" decoding=\"async\" src=\"https:\/\/5lo.lublin.pl\/wp-content\/uploads\/2018\/11\/DSC_9546-1099x900.jpg\" height=\"900\" width=\"1099\" alt=\"\" class=\"slider-11070 slide-11194\" title=\"DSC_9546\" \/><\/li>\n                <li style=\"display: none; width: 100%;\" class=\"slide-11195 ms-image \" aria-roledescription=\"slide\" aria-label=\"slide-11195\"><img loading=\"lazy\" decoding=\"async\" src=\"https:\/\/5lo.lublin.pl\/wp-content\/uploads\/2018\/11\/DSC_9548-1099x900.jpg\" height=\"900\" width=\"1099\" alt=\"\" class=\"slider-11070 slide-11195\" title=\"DSC_9548\" \/><\/li>\n                <li style=\"display: none; width: 100%;\" class=\"slide-11196 ms-image \" aria-roledescription=\"slide\" aria-label=\"slide-11196\"><img loading=\"lazy\" decoding=\"async\" src=\"https:\/\/5lo.lublin.pl\/wp-content\/uploads\/2018\/11\/DSC_9549-e1542827715192-1063x870.jpg\" height=\"900\" width=\"1099\" alt=\"\" class=\"slider-11070 slide-11196\" title=\"DSC_9549\" \/><\/li>\n                <li style=\"display: none; width: 100%;\" class=\"slide-11197 ms-image \" aria-roledescription=\"slide\" aria-label=\"slide-11197\"><img loading=\"lazy\" decoding=\"async\" src=\"https:\/\/5lo.lublin.pl\/wp-content\/uploads\/2018\/11\/DSC_9552-1099x900.jpg\" height=\"900\" width=\"1099\" alt=\"\" class=\"slider-11070 slide-11197\" title=\"DSC_9552\" \/><\/li>\n                <li style=\"display: none; width: 100%;\" class=\"slide-11198 ms-image \" aria-roledescription=\"slide\" aria-label=\"slide-11198\"><img loading=\"lazy\" decoding=\"async\" src=\"https:\/\/5lo.lublin.pl\/wp-content\/uploads\/2018\/11\/DSC_9555-e1542827809209-1063x870.jpg\" height=\"900\" width=\"1099\" alt=\"\" class=\"slider-11070 slide-11198\" title=\"DSC_9555\" \/><\/li>\n                <li style=\"display: none; width: 100%;\" class=\"slide-11199 ms-image \" aria-roledescription=\"slide\" aria-label=\"slide-11199\"><img loading=\"lazy\" decoding=\"async\" src=\"https:\/\/5lo.lublin.pl\/wp-content\/uploads\/2018\/11\/DSC_9556-e1542827861216-1063x870.jpg\" height=\"900\" width=\"1099\" alt=\"\" class=\"slider-11070 slide-11199\" title=\"DSC_9556\" \/><\/li>\n                <li style=\"display: none; width: 100%;\" class=\"slide-11200 ms-image \" aria-roledescription=\"slide\" aria-label=\"slide-11200\"><img loading=\"lazy\" decoding=\"async\" src=\"https:\/\/5lo.lublin.pl\/wp-content\/uploads\/2018\/11\/DSC_9559-1099x900.jpg\" height=\"900\" width=\"1099\" alt=\"\" class=\"slider-11070 slide-11200\" title=\"DSC_9559\" \/><\/li>\n                <li style=\"display: none; width: 100%;\" class=\"slide-11201 ms-image \" aria-roledescription=\"slide\" aria-label=\"slide-11201\"><img loading=\"lazy\" decoding=\"async\" src=\"https:\/\/5lo.lublin.pl\/wp-content\/uploads\/2018\/11\/DSC_9565-1099x900.jpg\" height=\"900\" width=\"1099\" alt=\"\" class=\"slider-11070 slide-11201\" title=\"DSC_9565\" \/><\/li>\n                <li style=\"display: none; width: 100%;\" class=\"slide-11202 ms-image \" aria-roledescription=\"slide\" aria-label=\"slide-11202\"><img loading=\"lazy\" decoding=\"async\" src=\"https:\/\/5lo.lublin.pl\/wp-content\/uploads\/2018\/11\/DSC_9573-1099x900.jpg\" height=\"900\" width=\"1099\" alt=\"\" class=\"slider-11070 slide-11202\" title=\"DSC_9573\" \/><\/li>\n                <li style=\"display: none; width: 100%;\" class=\"slide-11203 ms-image \" aria-roledescription=\"slide\" aria-label=\"slide-11203\"><img loading=\"lazy\" decoding=\"async\" src=\"https:\/\/5lo.lublin.pl\/wp-content\/uploads\/2018\/11\/DSC_9576-1099x900.jpg\" height=\"900\" width=\"1099\" alt=\"\" class=\"slider-11070 slide-11203\" title=\"DSC_9576\" \/><\/li>\n                <li style=\"display: none; width: 100%;\" class=\"slide-11204 ms-image \" aria-roledescription=\"slide\" aria-label=\"slide-11204\"><img loading=\"lazy\" decoding=\"async\" src=\"https:\/\/5lo.lublin.pl\/wp-content\/uploads\/2018\/11\/DSC_9578-1099x900.jpg\" height=\"900\" width=\"1099\" alt=\"\" class=\"slider-11070 slide-11204\" title=\"DSC_9578\" \/><\/li>\n                <li style=\"display: none; width: 100%;\" class=\"slide-11205 ms-image \" aria-roledescription=\"slide\" aria-label=\"slide-11205\"><img loading=\"lazy\" decoding=\"async\" src=\"https:\/\/5lo.lublin.pl\/wp-content\/uploads\/2018\/11\/DSC_9589-1099x900.jpg\" height=\"900\" width=\"1099\" alt=\"\" class=\"slider-11070 slide-11205\" title=\"DSC_9589\" \/><\/li>\n                <li style=\"display: none; width: 100%;\" class=\"slide-11206 ms-image \" aria-roledescription=\"slide\" aria-label=\"slide-11206\"><img loading=\"lazy\" decoding=\"async\" src=\"https:\/\/5lo.lublin.pl\/wp-content\/uploads\/2018\/11\/DSC_9593-e1542827926322-1063x870.jpg\" height=\"900\" width=\"1099\" alt=\"\" class=\"slider-11070 slide-11206\" title=\"DSC_9593\" \/><\/li>\n                <li style=\"display: none; width: 100%;\" class=\"slide-11207 ms-image \" aria-roledescription=\"slide\" aria-label=\"slide-11207\"><img loading=\"lazy\" decoding=\"async\" src=\"https:\/\/5lo.lublin.pl\/wp-content\/uploads\/2018\/11\/DSC_9595-e1542827978313-1063x870.jpg\" height=\"900\" width=\"1099\" alt=\"\" class=\"slider-11070 slide-11207\" title=\"DSC_9595\" \/><\/li>\n                <li style=\"display: none; width: 100%;\" class=\"slide-11208 ms-image \" aria-roledescription=\"slide\" aria-label=\"slide-11208\"><img loading=\"lazy\" decoding=\"async\" src=\"https:\/\/5lo.lublin.pl\/wp-content\/uploads\/2018\/11\/DSC_9597-e1542828027503-1063x870.jpg\" height=\"900\" width=\"1099\" alt=\"\" class=\"slider-11070 slide-11208\" title=\"DSC_9597\" \/><\/li>\n                <li style=\"display: none; width: 100%;\" class=\"slide-11209 ms-image \" aria-roledescription=\"slide\" aria-label=\"slide-11209\"><img loading=\"lazy\" decoding=\"async\" src=\"https:\/\/5lo.lublin.pl\/wp-content\/uploads\/2018\/11\/DSC_9614-1099x900.jpg\" height=\"900\" width=\"1099\" alt=\"\" class=\"slider-11070 slide-11209\" title=\"DSC_9614\" \/><\/li>\n                <li style=\"display: none; width: 100%;\" class=\"slide-11210 ms-image \" aria-roledescription=\"slide\" aria-label=\"slide-11210\"><img loading=\"lazy\" decoding=\"async\" src=\"https:\/\/5lo.lublin.pl\/wp-content\/uploads\/2018\/11\/DSC_9620-e1542828102491-1063x870.jpg\" height=\"900\" width=\"1099\" alt=\"\" class=\"slider-11070 slide-11210\" title=\"DSC_9620\" \/><\/li>\n                <li style=\"display: none; width: 100%;\" class=\"slide-11211 ms-image \" aria-roledescription=\"slide\" aria-label=\"slide-11211\"><img loading=\"lazy\" decoding=\"async\" src=\"https:\/\/5lo.lublin.pl\/wp-content\/uploads\/2018\/11\/DSC_9623-1099x900.jpg\" height=\"900\" width=\"1099\" alt=\"\" class=\"slider-11070 slide-11211\" title=\"DSC_9623\" \/><\/li>\n                <li style=\"display: none; width: 100%;\" class=\"slide-11212 ms-image \" aria-roledescription=\"slide\" aria-label=\"slide-11212\"><img loading=\"lazy\" decoding=\"async\" src=\"https:\/\/5lo.lublin.pl\/wp-content\/uploads\/2018\/11\/DSC_9626-1099x900.jpg\" height=\"900\" width=\"1099\" alt=\"\" class=\"slider-11070 slide-11212\" title=\"DSC_9626\" \/><\/li>\n                <li style=\"display: none; width: 100%;\" class=\"slide-11213 ms-image \" aria-roledescription=\"slide\" aria-label=\"slide-11213\"><img loading=\"lazy\" decoding=\"async\" src=\"https:\/\/5lo.lublin.pl\/wp-content\/uploads\/2018\/11\/DSC_9632-e1542828163994-1063x870.jpg\" height=\"900\" width=\"1099\" alt=\"\" class=\"slider-11070 slide-11213\" title=\"DSC_9632\" \/><\/li>\n                <li style=\"display: none; width: 100%;\" class=\"slide-11214 ms-image \" aria-roledescription=\"slide\" aria-label=\"slide-11214\"><img loading=\"lazy\" decoding=\"async\" src=\"https:\/\/5lo.lublin.pl\/wp-content\/uploads\/2018\/11\/DSC_9638-1099x900.jpg\" height=\"900\" width=\"1099\" alt=\"\" class=\"slider-11070 slide-11214\" title=\"DSC_9638\" \/><\/li>\n                <li style=\"display: none; width: 100%;\" class=\"slide-11215 ms-image \" aria-roledescription=\"slide\" aria-label=\"slide-11215\"><img loading=\"lazy\" decoding=\"async\" src=\"https:\/\/5lo.lublin.pl\/wp-content\/uploads\/2018\/11\/DSC_9640-1099x900.jpg\" height=\"900\" width=\"1099\" alt=\"\" class=\"slider-11070 slide-11215\" title=\"DSC_9640\" \/><\/li>\n                <li style=\"display: none; width: 100%;\" class=\"slide-11216 ms-image \" aria-roledescription=\"slide\" aria-label=\"slide-11216\"><img loading=\"lazy\" decoding=\"async\" src=\"https:\/\/5lo.lublin.pl\/wp-content\/uploads\/2018\/11\/DSC_9644-e1542828857771-1063x870.jpg\" height=\"900\" width=\"1099\" alt=\"\" class=\"slider-11070 slide-11216\" title=\"DSC_9644\" \/><\/li>\n                <li style=\"display: none; width: 100%;\" class=\"slide-11217 ms-image \" aria-roledescription=\"slide\" aria-label=\"slide-11217\"><img loading=\"lazy\" decoding=\"async\" src=\"https:\/\/5lo.lublin.pl\/wp-content\/uploads\/2018\/11\/DSC_9645-e1542828914974-1063x870.jpg\" height=\"900\" width=\"1099\" alt=\"\" class=\"slider-11070 slide-11217\" title=\"DSC_9645\" \/><\/li>\n                <li style=\"display: none; width: 100%;\" class=\"slide-11218 ms-image \" aria-roledescription=\"slide\" aria-label=\"slide-11218\"><img loading=\"lazy\" decoding=\"async\" src=\"https:\/\/5lo.lublin.pl\/wp-content\/uploads\/2018\/11\/DSC_9649-1099x900.jpg\" height=\"900\" width=\"1099\" alt=\"\" class=\"slider-11070 slide-11218\" title=\"DSC_9649\" \/><\/li>\n                <li style=\"display: none; width: 100%;\" class=\"slide-11219 ms-image \" aria-roledescription=\"slide\" aria-label=\"slide-11219\"><img loading=\"lazy\" decoding=\"async\" src=\"https:\/\/5lo.lublin.pl\/wp-content\/uploads\/2018\/11\/DSC_9658-e1542828972392-1063x870.jpg\" height=\"900\" width=\"1099\" alt=\"\" class=\"slider-11070 slide-11219\" title=\"DSC_9658\" \/><\/li>\n                <li style=\"display: none; width: 100%;\" class=\"slide-11220 ms-image \" aria-roledescription=\"slide\" aria-label=\"slide-11220\"><img loading=\"lazy\" decoding=\"async\" src=\"https:\/\/5lo.lublin.pl\/wp-content\/uploads\/2018\/11\/DSC_9660-1099x900.jpg\" height=\"900\" width=\"1099\" alt=\"\" class=\"slider-11070 slide-11220\" title=\"DSC_9660\" \/><\/li>\n                <li style=\"display: none; width: 100%;\" class=\"slide-11221 ms-image \" aria-roledescription=\"slide\" aria-label=\"slide-11221\"><img loading=\"lazy\" decoding=\"async\" src=\"https:\/\/5lo.lublin.pl\/wp-content\/uploads\/2018\/11\/DSC_9663-1099x900.jpg\" height=\"900\" width=\"1099\" alt=\"\" class=\"slider-11070 slide-11221\" title=\"DSC_9663\" \/><\/li>\n                <li style=\"display: none; width: 100%;\" class=\"slide-11222 ms-image \" aria-roledescription=\"slide\" aria-label=\"slide-11222\"><img loading=\"lazy\" decoding=\"async\" src=\"https:\/\/5lo.lublin.pl\/wp-content\/uploads\/2018\/11\/DSC_9675-e1542829048153-1063x870.jpg\" height=\"900\" width=\"1099\" alt=\"\" class=\"slider-11070 slide-11222\" title=\"DSC_9675\" \/><\/li>\n                <li style=\"display: none; width: 100%;\" class=\"slide-11223 ms-image \" aria-roledescription=\"slide\" aria-label=\"slide-11223\"><img loading=\"lazy\" decoding=\"async\" src=\"https:\/\/5lo.lublin.pl\/wp-content\/uploads\/2018\/11\/DSC_9677-1063x870.jpg\" height=\"900\" width=\"1099\" alt=\"\" class=\"slider-11070 slide-11223\" title=\"DSC_9677\" \/><\/li>\n                <li style=\"display: none; width: 100%;\" class=\"slide-11224 ms-image \" aria-roledescription=\"slide\" aria-label=\"slide-11224\"><img loading=\"lazy\" decoding=\"async\" src=\"https:\/\/5lo.lublin.pl\/wp-content\/uploads\/2018\/11\/DSC_9690-1099x900.jpg\" height=\"900\" width=\"1099\" alt=\"\" class=\"slider-11070 slide-11224\" title=\"DSC_9690\" \/><\/li>\n                <li style=\"display: none; width: 100%;\" class=\"slide-11225 ms-image \" aria-roledescription=\"slide\" aria-label=\"slide-11225\"><img loading=\"lazy\" decoding=\"async\" src=\"https:\/\/5lo.lublin.pl\/wp-content\/uploads\/2018\/11\/DSC_9691-1099x900.jpg\" height=\"900\" width=\"1099\" alt=\"\" class=\"slider-11070 slide-11225\" title=\"DSC_9691\" \/><\/li>\n                <li style=\"display: none; width: 100%;\" class=\"slide-11226 ms-image \" aria-roledescription=\"slide\" aria-label=\"slide-11226\"><img loading=\"lazy\" decoding=\"async\" src=\"https:\/\/5lo.lublin.pl\/wp-content\/uploads\/2018\/11\/DSC_9694-1099x900.jpg\" height=\"900\" width=\"1099\" alt=\"\" class=\"slider-11070 slide-11226\" title=\"DSC_9694\" \/><\/li>\n                <li style=\"display: none; width: 100%;\" class=\"slide-11227 ms-image \" aria-roledescription=\"slide\" aria-label=\"slide-11227\"><img loading=\"lazy\" decoding=\"async\" src=\"https:\/\/5lo.lublin.pl\/wp-content\/uploads\/2018\/11\/DSC_9695-1099x900.jpg\" height=\"900\" width=\"1099\" alt=\"\" class=\"slider-11070 slide-11227\" title=\"DSC_9695\" \/><\/li>\n                <li style=\"display: none; width: 100%;\" class=\"slide-11228 ms-image \" aria-roledescription=\"slide\" aria-label=\"slide-11228\"><img loading=\"lazy\" decoding=\"async\" src=\"https:\/\/5lo.lublin.pl\/wp-content\/uploads\/2018\/11\/DSC_9699-1099x900.jpg\" height=\"900\" width=\"1099\" alt=\"\" class=\"slider-11070 slide-11228\" title=\"DSC_9699\" \/><\/li>\n                <li style=\"display: none; width: 100%;\" class=\"slide-11229 ms-image \" aria-roledescription=\"slide\" aria-label=\"slide-11229\"><img loading=\"lazy\" decoding=\"async\" src=\"https:\/\/5lo.lublin.pl\/wp-content\/uploads\/2018\/11\/DSC_9701-e1542829119913-1063x870.jpg\" height=\"900\" width=\"1099\" alt=\"\" class=\"slider-11070 slide-11229\" title=\"DSC_9701\" \/><\/li>\n                <li style=\"display: none; width: 100%;\" class=\"slide-11230 ms-image \" aria-roledescription=\"slide\" aria-label=\"slide-11230\"><img loading=\"lazy\" decoding=\"async\" src=\"https:\/\/5lo.lublin.pl\/wp-content\/uploads\/2018\/11\/DSC_9710-e1542829412479-1063x870.jpg\" height=\"900\" width=\"1099\" alt=\"\" class=\"slider-11070 slide-11230\" title=\"DSC_9710\" \/><\/li>\n                <li style=\"display: none; width: 100%;\" class=\"slide-11231 ms-image \" aria-roledescription=\"slide\" aria-label=\"slide-11231\"><img loading=\"lazy\" decoding=\"async\" src=\"https:\/\/5lo.lublin.pl\/wp-content\/uploads\/2018\/11\/DSC_9711-e1542829372938-1063x870.jpg\" height=\"900\" width=\"1099\" alt=\"\" class=\"slider-11070 slide-11231\" title=\"DSC_9711\" \/><\/li>\n                <li style=\"display: none; width: 100%;\" class=\"slide-11232 ms-image \" aria-roledescription=\"slide\" aria-label=\"slide-11232\"><img loading=\"lazy\" decoding=\"async\" src=\"https:\/\/5lo.lublin.pl\/wp-content\/uploads\/2018\/11\/DSC_9713-e1542829316249-1063x870.jpg\" height=\"900\" width=\"1099\" alt=\"\" class=\"slider-11070 slide-11232\" title=\"DSC_9713\" \/><\/li>\n                <li style=\"display: none; width: 100%;\" class=\"slide-11233 ms-image \" aria-roledescription=\"slide\" aria-label=\"slide-11233\"><img loading=\"lazy\" decoding=\"async\" src=\"https:\/\/5lo.lublin.pl\/wp-content\/uploads\/2018\/11\/DSC_9715-e1542829237917-1063x870.jpg\" height=\"900\" width=\"1099\" alt=\"\" class=\"slider-11070 slide-11233\" title=\"DSC_9715\" \/><\/li>\n                <li style=\"display: none; width: 100%;\" class=\"slide-11234 ms-image \" aria-roledescription=\"slide\" aria-label=\"slide-11234\"><img loading=\"lazy\" decoding=\"async\" src=\"https:\/\/5lo.lublin.pl\/wp-content\/uploads\/2018\/11\/DSC_9724-e1542829173888-1063x870.jpg\" height=\"900\" width=\"1099\" alt=\"\" class=\"slider-11070 slide-11234\" title=\"DSC_9724\" \/><\/li>\n                <li style=\"display: none; width: 100%;\" class=\"slide-11235 ms-image \" aria-roledescription=\"slide\" aria-label=\"slide-11235\"><img loading=\"lazy\" decoding=\"async\" src=\"https:\/\/5lo.lublin.pl\/wp-content\/uploads\/2018\/11\/DSC_9739-1099x900.jpg\" height=\"900\" width=\"1099\" alt=\"\" class=\"slider-11070 slide-11235\" title=\"DSC_9739\" \/><\/li>\n                <li style=\"display: none; width: 100%;\" class=\"slide-11236 ms-image \" aria-roledescription=\"slide\" aria-label=\"slide-11236\"><img loading=\"lazy\" decoding=\"async\" src=\"https:\/\/5lo.lublin.pl\/wp-content\/uploads\/2018\/11\/DSC_9740-1099x900.jpg\" height=\"900\" width=\"1099\" alt=\"\" class=\"slider-11070 slide-11236\" title=\"DSC_9740\" \/><\/li>\n                <li style=\"display: none; width: 100%;\" class=\"slide-11237 ms-image \" aria-roledescription=\"slide\" aria-label=\"slide-11237\"><img loading=\"lazy\" decoding=\"async\" src=\"https:\/\/5lo.lublin.pl\/wp-content\/uploads\/2018\/11\/DSC_9741-1099x900.jpg\" height=\"900\" width=\"1099\" alt=\"\" class=\"slider-11070 slide-11237\" title=\"DSC_9741\" \/><\/li>\n                <li style=\"display: none; width: 100%;\" class=\"slide-11238 ms-image \" aria-roledescription=\"slide\" aria-label=\"slide-11238\"><img loading=\"lazy\" decoding=\"async\" src=\"https:\/\/5lo.lublin.pl\/wp-content\/uploads\/2018\/11\/DSC_9743-1099x900.jpg\" height=\"900\" width=\"1099\" alt=\"\" class=\"slider-11070 slide-11238\" title=\"DSC_9743\" \/><\/li>\n                <li style=\"display: none; width: 100%;\" class=\"slide-11239 ms-image \" aria-roledescription=\"slide\" aria-label=\"slide-11239\"><img loading=\"lazy\" decoding=\"async\" src=\"https:\/\/5lo.lublin.pl\/wp-content\/uploads\/2018\/11\/DSC_9744-1099x900.jpg\" height=\"900\" width=\"1099\" alt=\"\" class=\"slider-11070 slide-11239\" title=\"DSC_9744\" \/><\/li>\n                <li style=\"display: none; width: 100%;\" class=\"slide-11240 ms-image \" aria-roledescription=\"slide\" aria-label=\"slide-11240\"><img loading=\"lazy\" decoding=\"async\" src=\"https:\/\/5lo.lublin.pl\/wp-content\/uploads\/2018\/11\/DSC_9749-1099x900.jpg\" height=\"900\" width=\"1099\" alt=\"\" class=\"slider-11070 slide-11240\" title=\"DSC_9749\" \/><\/li>\n                <li style=\"display: none; width: 100%;\" class=\"slide-11241 ms-image \" aria-roledescription=\"slide\" aria-label=\"slide-11241\"><img loading=\"lazy\" decoding=\"async\" src=\"https:\/\/5lo.lublin.pl\/wp-content\/uploads\/2018\/11\/DSC_9757-1099x900.jpg\" height=\"900\" width=\"1099\" alt=\"\" class=\"slider-11070 slide-11241\" title=\"DSC_9757\" \/><\/li>\n                <li style=\"display: none; width: 100%;\" class=\"slide-11242 ms-image \" aria-roledescription=\"slide\" aria-label=\"slide-11242\"><img loading=\"lazy\" decoding=\"async\" src=\"https:\/\/5lo.lublin.pl\/wp-content\/uploads\/2018\/11\/DSC_9758-1099x900.jpg\" height=\"900\" width=\"1099\" alt=\"\" class=\"slider-11070 slide-11242\" title=\"DSC_9758\" \/><\/li>\n                <li style=\"display: none; width: 100%;\" class=\"slide-11243 ms-image \" aria-roledescription=\"slide\" aria-label=\"slide-11243\"><img loading=\"lazy\" decoding=\"async\" src=\"https:\/\/5lo.lublin.pl\/wp-content\/uploads\/2018\/11\/DSC_9760-1099x900.jpg\" height=\"900\" width=\"1099\" alt=\"\" class=\"slider-11070 slide-11243\" title=\"DSC_9760\" \/><\/li>\n                <li style=\"display: none; width: 100%;\" class=\"slide-11244 ms-image \" aria-roledescription=\"slide\" aria-label=\"slide-11244\"><img loading=\"lazy\" decoding=\"async\" src=\"https:\/\/5lo.lublin.pl\/wp-content\/uploads\/2018\/11\/DSC_9762-1099x900.jpg\" height=\"900\" width=\"1099\" alt=\"\" class=\"slider-11070 slide-11244\" title=\"DSC_9762\" \/><\/li>\n                <li style=\"display: none; width: 100%;\" class=\"slide-11245 ms-image \" aria-roledescription=\"slide\" aria-label=\"slide-11245\"><img loading=\"lazy\" decoding=\"async\" src=\"https:\/\/5lo.lublin.pl\/wp-content\/uploads\/2018\/11\/DSC_9763-1099x900.jpg\" height=\"900\" width=\"1099\" alt=\"\" class=\"slider-11070 slide-11245\" title=\"DSC_9763\" \/><\/li>\n                <li style=\"display: none; width: 100%;\" class=\"slide-11246 ms-image \" aria-roledescription=\"slide\" aria-label=\"slide-11246\"><img loading=\"lazy\" decoding=\"async\" src=\"https:\/\/5lo.lublin.pl\/wp-content\/uploads\/2018\/11\/DSC_9764-1099x900.jpg\" height=\"900\" width=\"1099\" alt=\"\" class=\"slider-11070 slide-11246\" title=\"DSC_9764\" \/><\/li>\n                <li style=\"display: none; width: 100%;\" class=\"slide-11247 ms-image \" aria-roledescription=\"slide\" aria-label=\"slide-11247\"><img loading=\"lazy\" decoding=\"async\" src=\"https:\/\/5lo.lublin.pl\/wp-content\/uploads\/2018\/11\/DSC_9765-1099x900.jpg\" height=\"900\" width=\"1099\" alt=\"\" class=\"slider-11070 slide-11247\" title=\"DSC_9765\" \/><\/li>\n                <li style=\"display: none; width: 100%;\" class=\"slide-11248 ms-image \" aria-roledescription=\"slide\" aria-label=\"slide-11248\"><img loading=\"lazy\" decoding=\"async\" src=\"https:\/\/5lo.lublin.pl\/wp-content\/uploads\/2018\/11\/DSC_9767-1099x900.jpg\" height=\"900\" width=\"1099\" alt=\"\" class=\"slider-11070 slide-11248\" title=\"DSC_9767\" \/><\/li>\n                <li style=\"display: none; width: 100%;\" class=\"slide-11249 ms-image \" aria-roledescription=\"slide\" aria-label=\"slide-11249\"><img loading=\"lazy\" decoding=\"async\" src=\"https:\/\/5lo.lublin.pl\/wp-content\/uploads\/2018\/11\/DSC_9768-1099x900.jpg\" height=\"900\" width=\"1099\" alt=\"\" class=\"slider-11070 slide-11249\" title=\"DSC_9768\" \/><\/li>\n                <li style=\"display: none; width: 100%;\" class=\"slide-11250 ms-image \" aria-roledescription=\"slide\" aria-label=\"slide-11250\"><img loading=\"lazy\" decoding=\"async\" src=\"https:\/\/5lo.lublin.pl\/wp-content\/uploads\/2018\/11\/DSC_9769-1099x900.jpg\" height=\"900\" width=\"1099\" alt=\"\" class=\"slider-11070 slide-11250\" title=\"DSC_9769\" \/><\/li>\n                <li style=\"display: none; width: 100%;\" class=\"slide-11251 ms-image \" aria-roledescription=\"slide\" aria-label=\"slide-11251\"><img loading=\"lazy\" decoding=\"async\" src=\"https:\/\/5lo.lublin.pl\/wp-content\/uploads\/2018\/11\/DSC_9770-1099x900.jpg\" height=\"900\" width=\"1099\" alt=\"\" class=\"slider-11070 slide-11251\" title=\"DSC_9770\" \/><\/li>\n                <li style=\"display: none; width: 100%;\" class=\"slide-11252 ms-image \" aria-roledescription=\"slide\" aria-label=\"slide-11252\"><img loading=\"lazy\" decoding=\"async\" src=\"https:\/\/5lo.lublin.pl\/wp-content\/uploads\/2018\/11\/DSC_9773-1099x900.jpg\" height=\"900\" width=\"1099\" alt=\"\" class=\"slider-11070 slide-11252\" title=\"DSC_9773\" \/><\/li>\n            <\/ul>\n        <\/div>\n        \n    <\/div>\n<\/div>\n","protected":false},"excerpt":{"rendered":"<p>Gala Jubileuszu 70-lecia V Liceum Og\u00f3lnokszta\u0142c\u0105cego Marii Sk\u0142odowskiej-Curie w Lublinie &nbsp; Jubileuszowe \u015bwi\u0119towanie 70-lecia V LO w Lublinie rozpocz\u0119\u0142o si\u0119 6 listopada 2018 r. uroczyst\u0105 Msz\u0105 \u015bwi\u0119t\u0105 w Ko\u015bciele Akademickim KUL. Gala Jubileuszu odby\u0142a si\u0119 7 listopada 2018 r. w Sali Operowej Centrum Spotkania Kultur w Lublinie. Wydarzenie obj\u0119te zosta\u0142o Honorowym Patronatem Prezydenta Miasta Lublin, [&hellip;]<\/p>\n","protected":false},"author":1,"featured_media":11062,"comment_status":"open","ping_status":"open","sticky":false,"template":"","format":"standard","meta":{"footnotes":""},"categories":[179,160,177,133],"tags":[],"_links":{"self":[{"href":"https:\/\/5lo.lublin.pl\/index.php?rest_route=\/wp\/v2\/posts\/11061"}],"collection":[{"href":"https:\/\/5lo.lublin.pl\/index.php?rest_route=\/wp\/v2\/posts"}],"about":[{"href":"https:\/\/5lo.lublin.pl\/index.php?rest_route=\/wp\/v2\/types\/post"}],"author":[{"embeddable":true,"href":"https:\/\/5lo.lublin.pl\/index.php?rest_route=\/wp\/v2\/users\/1"}],"replies":[{"embeddable":true,"href":"https:\/\/5lo.lublin.pl\/index.php?rest_route=%2Fwp%2Fv2%2Fcomments&post=11061"}],"version-history":[{"count":1,"href":"https:\/\/5lo.lublin.pl\/index.php?rest_route=\/wp\/v2\/posts\/11061\/revisions"}],"predecessor-version":[{"id":11253,"href":"https:\/\/5lo.lublin.pl\/index.php?rest_route=\/wp\/v2\/posts\/11061\/revisions\/11253"}],"wp:featuredmedia":[{"embeddable":true,"href":"https:\/\/5lo.lublin.pl\/index.php?rest_route=\/wp\/v2\/media\/11062"}],"wp:attachment":[{"href":"https:\/\/5lo.lublin.pl\/index.php?rest_route=%2Fwp%2Fv2%2Fmedia&parent=11061"}],"wp:term":[{"taxonomy":"category","embeddable":true,"href":"https:\/\/5lo.lublin.pl\/index.php?rest_route=%2Fwp%2Fv2%2Fcategories&post=11061"},{"taxonomy":"post_tag","embeddable":true,"href":"https:\/\/5lo.lublin.pl\/index.php?rest_route=%2Fwp%2Fv2%2Ftags&post=11061"}],"curies":[{"name":"wp","href":"https:\/\/api.w.org\/{rel}","templated":true}]}}