{"id":11057,"date":"2018-11-14T11:49:19","date_gmt":"2018-11-14T11:49:19","guid":{"rendered":"http:\/\/5lo.lublin.pl\/?p=11057"},"modified":"2018-11-14T11:49:19","modified_gmt":"2018-11-14T11:49:19","slug":"zebranie-rodzicow-uczniow-klasy-ii-e-zmiana-sali","status":"publish","type":"post","link":"https:\/\/5lo.lublin.pl\/?p=11057","title":{"rendered":"Zebranie rodzic\u00f3w uczni\u00f3w klasy II E &#8211; zmiana sali"},"content":{"rendered":"<p>Szanowni Pa\u0144stwo,<\/p>\n<p style=\"text-align: left;\">Nast\u0105pi\u0142a zmiana sali, w kt\u00f3rej odb\u0119dzie si\u0119 zebranie rodzic\u00f3w uczni\u00f3w klasy <span style=\"color: #ff0000;\">II E.<\/span><\/p>\n<p style=\"text-align: center;\">Zebranie odb\u0119dzie si\u0119 w <span style=\"color: #ff0000;\">sali 105.<\/span><\/p>\n<p style=\"text-align: center;\">\n","protected":false},"excerpt":{"rendered":"<p>Szanowni Pa\u0144stwo, Nast\u0105pi\u0142a zmiana sali, w kt\u00f3rej odb\u0119dzie si\u0119 zebranie rodzic\u00f3w uczni\u00f3w klasy II E. Zebranie odb\u0119dzie si\u0119 w sali 105.<\/p>\n","protected":false},"author":9,"featured_media":0,"comment_status":"open","ping_status":"open","sticky":false,"template":"","format":"standard","meta":{"footnotes":""},"categories":[1],"tags":[],"_links":{"self":[{"href":"https:\/\/5lo.lublin.pl\/index.php?rest_route=\/wp\/v2\/posts\/11057"}],"collection":[{"href":"https:\/\/5lo.lublin.pl\/index.php?rest_route=\/wp\/v2\/posts"}],"about":[{"href":"https:\/\/5lo.lublin.pl\/index.php?rest_route=\/wp\/v2\/types\/post"}],"author":[{"embeddable":true,"href":"https:\/\/5lo.lublin.pl\/index.php?rest_route=\/wp\/v2\/users\/9"}],"replies":[{"embeddable":true,"href":"https:\/\/5lo.lublin.pl\/index.php?rest_route=%2Fwp%2Fv2%2Fcomments&post=11057"}],"version-history":[{"count":1,"href":"https:\/\/5lo.lublin.pl\/index.php?rest_route=\/wp\/v2\/posts\/11057\/revisions"}],"predecessor-version":[{"id":11058,"href":"https:\/\/5lo.lublin.pl\/index.php?rest_route=\/wp\/v2\/posts\/11057\/revisions\/11058"}],"wp:attachment":[{"href":"https:\/\/5lo.lublin.pl\/index.php?rest_route=%2Fwp%2Fv2%2Fmedia&parent=11057"}],"wp:term":[{"taxonomy":"category","embeddable":true,"href":"https:\/\/5lo.lublin.pl\/index.php?rest_route=%2Fwp%2Fv2%2Fcategories&post=11057"},{"taxonomy":"post_tag","embeddable":true,"href":"https:\/\/5lo.lublin.pl\/index.php?rest_route=%2Fwp%2Fv2%2Ftags&post=11057"}],"curies":[{"name":"wp","href":"https:\/\/api.w.org\/{rel}","templated":true}]}}