{"id":11017,"date":"2018-11-09T10:15:22","date_gmt":"2018-11-09T10:15:22","guid":{"rendered":"http:\/\/5lo.lublin.pl\/?p=11017"},"modified":"2018-11-13T15:56:26","modified_gmt":"2018-11-13T15:56:26","slug":"akcja-rekord-dla-niepodleglej","status":"publish","type":"post","link":"https:\/\/5lo.lublin.pl\/?p=11017","title":{"rendered":"Akcja \u201eRekord dla Niepodleg\u0142ej\u201d"},"content":{"rendered":"<p>W pi\u0105tek, 9 listopada 2018 r. o godzinie 11:11, w ramach \u015bwi\u0119towania 100 rocznicy odzyskania przez Polsk\u0119 niepodleg\u0142o\u015bci, ca\u0142a spo\u0142eczno\u015b\u0107 V Liceum Og\u00f3lnokszta\u0142c\u0105cego w Lublinie wsp\u00f3lnie za\u015bpiewa\u0142a hymn narodowy. Tym samym uczniowie i nauczyciele naszej Szko\u0142y odpowiedzieli na zaproszenie Minister Edukacji Narodowej oraz Rady Dzieci i M\u0142odzie\u017cy przy Ministrze Edukacji Narodowej i przy\u0142\u0105czyli si\u0119 \u00a0do og\u00f3lnopolskiej akcji \u201eRekord dla Niepodleg\u0142ej\u201d.<\/p>\n<div id=\"metaslider-id-11022\" style=\"max-width: 1099px; margin: 0 auto;\" class=\"ml-slider-3-62-0 metaslider metaslider-flex metaslider-11022 ml-slider ms-theme-default\" role=\"region\" aria-roledescription=\"Slideshow\" aria-label=\"Hymn\">\n    <div id=\"metaslider_container_11022\">\n        <div id=\"metaslider_11022\" class=\"flexslider\">\n            <ul aria-live=\"polite\" class=\"slides\">\n                <li style=\"display: block; width: 100%;\" class=\"slide-11039 ms-image \" aria-roledescription=\"slide\" aria-label=\"slide-11039\"><img loading=\"lazy\" decoding=\"async\" src=\"https:\/\/5lo.lublin.pl\/wp-content\/uploads\/2018\/11\/IMG_8445-650x533.bmp\" height=\"900\" width=\"1099\" alt=\"\" class=\"slider-11022 slide-11039\" title=\"IMG_8445\" \/><\/li>\n                <li style=\"display: none; width: 100%;\" class=\"slide-11040 ms-image \" aria-roledescription=\"slide\" aria-label=\"slide-11040\"><img loading=\"lazy\" decoding=\"async\" src=\"https:\/\/5lo.lublin.pl\/wp-content\/uploads\/2018\/11\/IMG_8446-650x533.bmp\" height=\"900\" width=\"1099\" alt=\"\" class=\"slider-11022 slide-11040\" title=\"IMG_8446\" \/><\/li>\n                <li style=\"display: none; width: 100%;\" class=\"slide-11041 ms-image \" aria-roledescription=\"slide\" aria-label=\"slide-11041\"><img loading=\"lazy\" decoding=\"async\" src=\"https:\/\/5lo.lublin.pl\/wp-content\/uploads\/2018\/11\/IMG_8448-650x533.bmp\" height=\"900\" width=\"1099\" alt=\"\" class=\"slider-11022 slide-11041\" title=\"IMG_8448\" \/><\/li>\n                <li style=\"display: none; width: 100%;\" class=\"slide-11042 ms-image \" aria-roledescription=\"slide\" aria-label=\"slide-11042\"><img loading=\"lazy\" decoding=\"async\" src=\"https:\/\/5lo.lublin.pl\/wp-content\/uploads\/2018\/11\/IMG_8452-650x533.bmp\" height=\"900\" width=\"1099\" alt=\"\" class=\"slider-11022 slide-11042\" title=\"IMG_8452\" \/><\/li>\n                <li style=\"display: none; width: 100%;\" class=\"slide-11043 ms-image \" aria-roledescription=\"slide\" aria-label=\"slide-11043\"><img loading=\"lazy\" decoding=\"async\" src=\"https:\/\/5lo.lublin.pl\/wp-content\/uploads\/2018\/11\/IMG_8455-650x533.bmp\" height=\"900\" width=\"1099\" alt=\"\" class=\"slider-11022 slide-11043\" title=\"IMG_8455\" \/><\/li>\n                <li style=\"display: none; width: 100%;\" class=\"slide-11044 ms-image \" aria-roledescription=\"slide\" aria-label=\"slide-11044\"><img loading=\"lazy\" decoding=\"async\" src=\"https:\/\/5lo.lublin.pl\/wp-content\/uploads\/2018\/11\/IMG_8456-650x533.bmp\" height=\"900\" width=\"1099\" alt=\"\" class=\"slider-11022 slide-11044\" title=\"IMG_8456\" \/><\/li>\n                <li style=\"display: none; width: 100%;\" class=\"slide-11045 ms-image \" aria-roledescription=\"slide\" aria-label=\"slide-11045\"><img loading=\"lazy\" decoding=\"async\" src=\"https:\/\/5lo.lublin.pl\/wp-content\/uploads\/2018\/11\/IMG_8458-650x533.bmp\" height=\"900\" width=\"1099\" alt=\"\" class=\"slider-11022 slide-11045\" title=\"IMG_8458\" \/><\/li>\n                <li style=\"display: none; width: 100%;\" class=\"slide-11046 ms-image \" aria-roledescription=\"slide\" aria-label=\"slide-11046\"><img loading=\"lazy\" decoding=\"async\" src=\"https:\/\/5lo.lublin.pl\/wp-content\/uploads\/2018\/11\/IMG_8459-650x533.bmp\" height=\"900\" width=\"1099\" alt=\"\" class=\"slider-11022 slide-11046\" title=\"IMG_8459\" \/><\/li>\n                <li style=\"display: none; width: 100%;\" class=\"slide-11047 ms-image \" aria-roledescription=\"slide\" aria-label=\"slide-11047\"><img loading=\"lazy\" decoding=\"async\" src=\"https:\/\/5lo.lublin.pl\/wp-content\/uploads\/2018\/11\/IMG_8461-650x533.bmp\" height=\"900\" width=\"1099\" alt=\"\" class=\"slider-11022 slide-11047\" title=\"IMG_8461\" \/><\/li>\n                <li style=\"display: none; width: 100%;\" class=\"slide-11048 ms-image \" aria-roledescription=\"slide\" aria-label=\"slide-11048\"><img loading=\"lazy\" decoding=\"async\" src=\"https:\/\/5lo.lublin.pl\/wp-content\/uploads\/2018\/11\/IMG_8465-650x533.bmp\" height=\"900\" width=\"1099\" alt=\"\" class=\"slider-11022 slide-11048\" title=\"IMG_8465\" \/><\/li>\n                <li style=\"display: none; width: 100%;\" class=\"slide-11049 ms-image \" aria-roledescription=\"slide\" aria-label=\"slide-11049\"><img loading=\"lazy\" decoding=\"async\" src=\"https:\/\/5lo.lublin.pl\/wp-content\/uploads\/2018\/11\/IMG_8467-650x533.bmp\" height=\"900\" width=\"1099\" alt=\"\" class=\"slider-11022 slide-11049\" title=\"IMG_8467\" \/><\/li>\n                <li style=\"display: none; width: 100%;\" class=\"slide-11050 ms-image \" aria-roledescription=\"slide\" aria-label=\"slide-11050\"><img loading=\"lazy\" decoding=\"async\" src=\"https:\/\/5lo.lublin.pl\/wp-content\/uploads\/2018\/11\/IMG_8468-650x533.bmp\" height=\"900\" width=\"1099\" alt=\"\" class=\"slider-11022 slide-11050\" title=\"IMG_8468\" \/><\/li>\n                <li style=\"display: none; width: 100%;\" class=\"slide-11051 ms-image \" aria-roledescription=\"slide\" aria-label=\"slide-11051\"><img loading=\"lazy\" decoding=\"async\" src=\"https:\/\/5lo.lublin.pl\/wp-content\/uploads\/2018\/11\/IMG_8470-650x533.bmp\" height=\"900\" width=\"1099\" alt=\"\" class=\"slider-11022 slide-11051\" title=\"IMG_8470\" \/><\/li>\n                <li style=\"display: none; width: 100%;\" class=\"slide-11052 ms-image \" aria-roledescription=\"slide\" aria-label=\"slide-11052\"><img loading=\"lazy\" decoding=\"async\" src=\"https:\/\/5lo.lublin.pl\/wp-content\/uploads\/2018\/11\/IMG_8474-650x533.bmp\" height=\"900\" width=\"1099\" alt=\"\" class=\"slider-11022 slide-11052\" title=\"IMG_8474\" \/><\/li>\n                <li style=\"display: none; width: 100%;\" class=\"slide-11053 ms-image \" aria-roledescription=\"slide\" aria-label=\"slide-11053\"><img loading=\"lazy\" decoding=\"async\" src=\"https:\/\/5lo.lublin.pl\/wp-content\/uploads\/2018\/11\/IMG_8475-650x533.bmp\" height=\"900\" width=\"1099\" alt=\"\" class=\"slider-11022 slide-11053\" title=\"IMG_8475\" \/><\/li>\n                <li style=\"display: none; width: 100%;\" class=\"slide-11054 ms-image \" aria-roledescription=\"slide\" aria-label=\"slide-11054\"><img loading=\"lazy\" decoding=\"async\" src=\"https:\/\/5lo.lublin.pl\/wp-content\/uploads\/2018\/11\/IMG_8483-650x533.bmp\" height=\"900\" width=\"1099\" alt=\"\" class=\"slider-11022 slide-11054\" title=\"IMG_8483\" \/><\/li>\n            <\/ul>\n        <\/div>\n        \n    <\/div>\n<\/div>\n","protected":false},"excerpt":{"rendered":"<p>W pi\u0105tek, 9 listopada 2018 r. o godzinie 11:11, w ramach \u015bwi\u0119towania 100 rocznicy odzyskania przez Polsk\u0119 niepodleg\u0142o\u015bci, ca\u0142a spo\u0142eczno\u015b\u0107 V Liceum Og\u00f3lnokszta\u0142c\u0105cego w Lublinie wsp\u00f3lnie za\u015bpiewa\u0142a hymn narodowy. Tym samym uczniowie i nauczyciele naszej Szko\u0142y odpowiedzieli na zaproszenie Minister Edukacji Narodowej oraz Rady Dzieci i M\u0142odzie\u017cy przy Ministrze Edukacji Narodowej i przy\u0142\u0105czyli si\u0119 \u00a0do [&hellip;]<\/p>\n","protected":false},"author":1,"featured_media":11018,"comment_status":"open","ping_status":"open","sticky":false,"template":"","format":"standard","meta":{"footnotes":""},"categories":[179,177,133],"tags":[],"_links":{"self":[{"href":"https:\/\/5lo.lublin.pl\/index.php?rest_route=\/wp\/v2\/posts\/11017"}],"collection":[{"href":"https:\/\/5lo.lublin.pl\/index.php?rest_route=\/wp\/v2\/posts"}],"about":[{"href":"https:\/\/5lo.lublin.pl\/index.php?rest_route=\/wp\/v2\/types\/post"}],"author":[{"embeddable":true,"href":"https:\/\/5lo.lublin.pl\/index.php?rest_route=\/wp\/v2\/users\/1"}],"replies":[{"embeddable":true,"href":"https:\/\/5lo.lublin.pl\/index.php?rest_route=%2Fwp%2Fv2%2Fcomments&post=11017"}],"version-history":[{"count":1,"href":"https:\/\/5lo.lublin.pl\/index.php?rest_route=\/wp\/v2\/posts\/11017\/revisions"}],"predecessor-version":[{"id":11055,"href":"https:\/\/5lo.lublin.pl\/index.php?rest_route=\/wp\/v2\/posts\/11017\/revisions\/11055"}],"wp:featuredmedia":[{"embeddable":true,"href":"https:\/\/5lo.lublin.pl\/index.php?rest_route=\/wp\/v2\/media\/11018"}],"wp:attachment":[{"href":"https:\/\/5lo.lublin.pl\/index.php?rest_route=%2Fwp%2Fv2%2Fmedia&parent=11017"}],"wp:term":[{"taxonomy":"category","embeddable":true,"href":"https:\/\/5lo.lublin.pl\/index.php?rest_route=%2Fwp%2Fv2%2Fcategories&post=11017"},{"taxonomy":"post_tag","embeddable":true,"href":"https:\/\/5lo.lublin.pl\/index.php?rest_route=%2Fwp%2Fv2%2Ftags&post=11017"}],"curies":[{"name":"wp","href":"https:\/\/api.w.org\/{rel}","templated":true}]}}