{"id":11007,"date":"2018-11-05T10:20:35","date_gmt":"2018-11-05T10:20:35","guid":{"rendered":"http:\/\/5lo.lublin.pl\/?p=11007"},"modified":"2018-11-08T09:56:16","modified_gmt":"2018-11-08T09:56:16","slug":"zebrania-z-rodzicami-14-15-11-2018-r","status":"publish","type":"post","link":"https:\/\/5lo.lublin.pl\/?p=11007","title":{"rendered":"Zebrania z rodzicami 14-15.11.2018 r. (aktualizacja)"},"content":{"rendered":"<h5>Szanowni Pa\u0144stwo!<\/h5>\n<h6 style=\"text-align: center;\">Uprzejmie informujemy, \u017ce w dniach 14-15.11.2018 r. odb\u0119d\u0105 si\u0119 zebrania z rodzicami.<\/h6>\n<h6 style=\"text-align: center;\">W dniu 14.11.2018 r. (\u015broda) o godz. 16.30 w dolnej sali gimnastycznej odb\u0119dzie si\u0119 spotkanie rodzic\u00f3w uczni\u00f3w klas <span style=\"color: #ff0000;\">pierwszych<\/span> z Panem Dyrektorem oraz Paniami: Joann\u0105 Falandysz i Jagod\u0105 Chwiejczak, <span class=\"position\">psychologami i doradcami zawodowymi ze Specjalistycznej Poradni Zawodowej w Lublinie, kt\u00f3re poprowadz\u0105 wyk\u0142ad pt.: &#8222;Rodzic doradc\u0105 zawodowym&#8221;. <\/span><\/h6>\n<h6 style=\"text-align: center;\"><span class=\"position\">Nast\u0119pnie odb\u0119d\u0105 si\u0119 spotkania z wychowawcami:<\/span><\/h6>\n<h6 style=\"text-align: center;\"><strong>KLASA<\/strong><strong>\u00a0\u00a0\u00a0\u00a0\u00a0\u00a0 :\u00a0\u00a0\u00a0\u00a0 <\/strong><\/h6>\n<h6 style=\"text-align: center;\"><strong>I A\u00a0\u00a0\u00a0\u00a0 <\/strong>\u2013\u00a0\u00a0\u00a0\u00a0 <strong>s. 301<\/strong><\/h6>\n<h6 style=\"text-align: center;\"><strong>I B\u00a0\u00a0\u00a0\u00a0\u00a0 \u2013\u00a0\u00a0\u00a0\u00a0 s. \u00a0111<\/strong><\/h6>\n<h6 style=\"text-align: center;\"><strong>I C\u00a0\u00a0\u00a0\u00a0 \u2013\u00a0\u00a0\u00a0\u00a0 s. 314<\/strong><\/h6>\n<h6 style=\"text-align: center;\"><strong>I D\u00a0\u00a0\u00a0\u00a0 \u2013\u00a0\u00a0\u00a0\u00a0 s. 310<\/strong><\/h6>\n<h6 style=\"text-align: center;\"><strong>I E\u00a0\u00a0\u00a0\u00a0\u00a0 \u2013\u00a0\u00a0\u00a0\u00a0 s. 214<\/strong><\/h6>\n<h6 style=\"text-align: center;\"><strong>I F\u00a0\u00a0\u00a0\u00a0\u00a0 \u2013\u00a0\u00a0\u00a0\u00a0 s. 106<\/strong><\/h6>\n<h6 style=\"text-align: center;\"><strong>I G\u00a0\u00a0\u00a0\u00a0\u00a0 \u2013\u00a0\u00a0\u00a0\u00a0 s. 108<\/strong><\/h6>\n<h6 style=\"text-align: center;\"><strong>I H\u00a0\u00a0\u00a0\u00a0 \u2013\u00a0\u00a0\u00a0\u00a0 s. 304<\/strong><\/h6>\n<h6 style=\"text-align: center;\">W dniu 15.11.2018 r. (czwartek) o godz. 16.30 odb\u0119d\u0105 si\u0119 zebrania rodzic\u00f3w uczni\u00f3w klas <span style=\"color: #ff0000;\">drugich<\/span> oraz <span style=\"color: #ff0000;\">trzecich.<\/span><\/h6>\n<h6 style=\"text-align: center;\"><strong>KLASA<\/strong><strong>:\u00a0\u00a0\u00a0\u00a0 <\/strong><\/h6>\n<h6 style=\"text-align: center;\"><strong>II A\u00a0\u00a0\u00a0 <\/strong>\u2013\u00a0\u00a0\u00a0\u00a0 <strong>s. 216<\/strong><\/h6>\n<h6 style=\"text-align: center;\"><strong>II B\u00a0\u00a0\u00a0 \u2013\u00a0\u00a0\u00a0\u00a0 s. 204<\/strong><\/h6>\n<h6 style=\"text-align: center;\"><strong>II C\u00a0\u00a0\u00a0 \u2013\u00a0\u00a0\u00a0\u00a0 s. 213<\/strong><\/h6>\n<h6 style=\"text-align: center;\"><strong>II D\u00a0\u00a0\u00a0 \u2013\u00a0\u00a0\u00a0\u00a0 s. 305<\/strong><\/h6>\n<h6 style=\"text-align: center;\"><strong>II E\u00a0\u00a0\u00a0 \u2013\u00a0\u00a0\u00a0\u00a0 s. 301<\/strong><\/h6>\n<h6 style=\"text-align: center;\"><strong>II F\u00a0\u00a0\u00a0 \u2013\u00a0\u00a0\u00a0\u00a0 s. 106<\/strong><\/h6>\n<h6 style=\"text-align: center;\"><strong>II G\u00a0\u00a0\u00a0 \u2013\u00a0\u00a0\u00a0\u00a0 s. 111<\/strong><\/h6>\n<h6 style=\"text-align: center;\"><strong>II H\u00a0\u00a0\u00a0 \u2013\u00a0\u00a0\u00a0\u00a0 s. 304<\/strong><\/h6>\n<h6 style=\"text-align: center;\"><strong>II J\u00a0\u00a0\u00a0\u00a0 \u2013\u00a0\u00a0\u00a0\u00a0 s. 310<\/strong><\/h6>\n<h6><\/h6>\n<h6 style=\"text-align: center;\"><strong>KLASA<\/strong><strong>\u00a0\u00a0\u00a0\u00a0\u00a0\u00a0 :<\/strong><\/h6>\n<h6 style=\"text-align: center;\"><strong>III A \u2013\u00a0\u00a0\u00a0\u00a0 s. 306<\/strong><\/h6>\n<h6 style=\"text-align: center;\"><strong>III B \u2013\u00a0\u00a0\u00a0\u00a0 s. 104<\/strong><\/h6>\n<h6 style=\"text-align: center;\"><strong>III C \u2013\u00a0\u00a0\u00a0\u00a0 s. 214<\/strong><\/h6>\n<h6 style=\"text-align: center;\"><strong>III D \u2013\u00a0\u00a0\u00a0\u00a0 s. 309<\/strong><\/h6>\n<h6 style=\"text-align: center;\"><strong>III E \u2013\u00a0\u00a0\u00a0\u00a0 s. 314<\/strong><\/h6>\n<h6 style=\"text-align: center;\"><strong>III F \u2013\u00a0\u00a0\u00a0\u00a0 s. 112<\/strong><\/h6>\n<h6 style=\"text-align: center;\"><strong>III H \u2013\u00a0\u00a0\u00a0\u00a0 s. 211<\/strong><\/h6>\n<h6 style=\"text-align: center;\"><strong>III S\u00a0 \u2013\u00a0\u00a0\u00a0\u00a0 s. 109<\/strong><\/h6>\n<h6 style=\"text-align: center;\"><span style=\"color: #800080;\">Uwaga! Zebranie z rodzicami uczni\u00f3w klasy III G odb\u0119dzie si\u0119 19.11.2018 r. (poniedzia\u0142ek) o godz. 16.30 w sali 111.<br \/>\n<\/span><\/h6>\n<h6 style=\"text-align: right;\">Serdecznie zapraszamy!<\/h6>\n","protected":false},"excerpt":{"rendered":"<p>Szanowni Pa\u0144stwo! Uprzejmie informujemy, \u017ce w dniach 14-15.11.2018 r. odb\u0119d\u0105 si\u0119 zebrania z rodzicami. W dniu 14.11.2018 r. (\u015broda) o godz. 16.30 w dolnej sali gimnastycznej odb\u0119dzie si\u0119 spotkanie rodzic\u00f3w uczni\u00f3w klas pierwszych z Panem Dyrektorem oraz Paniami: Joann\u0105 Falandysz i Jagod\u0105 Chwiejczak, psychologami i doradcami zawodowymi ze Specjalistycznej Poradni Zawodowej w Lublinie, kt\u00f3re poprowadz\u0105 [&hellip;]<\/p>\n","protected":false},"author":9,"featured_media":3517,"comment_status":"open","ping_status":"open","sticky":false,"template":"","format":"standard","meta":{"footnotes":""},"categories":[1],"tags":[],"_links":{"self":[{"href":"https:\/\/5lo.lublin.pl\/index.php?rest_route=\/wp\/v2\/posts\/11007"}],"collection":[{"href":"https:\/\/5lo.lublin.pl\/index.php?rest_route=\/wp\/v2\/posts"}],"about":[{"href":"https:\/\/5lo.lublin.pl\/index.php?rest_route=\/wp\/v2\/types\/post"}],"author":[{"embeddable":true,"href":"https:\/\/5lo.lublin.pl\/index.php?rest_route=\/wp\/v2\/users\/9"}],"replies":[{"embeddable":true,"href":"https:\/\/5lo.lublin.pl\/index.php?rest_route=%2Fwp%2Fv2%2Fcomments&post=11007"}],"version-history":[{"count":1,"href":"https:\/\/5lo.lublin.pl\/index.php?rest_route=\/wp\/v2\/posts\/11007\/revisions"}],"predecessor-version":[{"id":11015,"href":"https:\/\/5lo.lublin.pl\/index.php?rest_route=\/wp\/v2\/posts\/11007\/revisions\/11015"}],"wp:featuredmedia":[{"embeddable":true,"href":"https:\/\/5lo.lublin.pl\/index.php?rest_route=\/wp\/v2\/media\/3517"}],"wp:attachment":[{"href":"https:\/\/5lo.lublin.pl\/index.php?rest_route=%2Fwp%2Fv2%2Fmedia&parent=11007"}],"wp:term":[{"taxonomy":"category","embeddable":true,"href":"https:\/\/5lo.lublin.pl\/index.php?rest_route=%2Fwp%2Fv2%2Fcategories&post=11007"},{"taxonomy":"post_tag","embeddable":true,"href":"https:\/\/5lo.lublin.pl\/index.php?rest_route=%2Fwp%2Fv2%2Ftags&post=11007"}],"curies":[{"name":"wp","href":"https:\/\/api.w.org\/{rel}","templated":true}]}}