{"id":11000,"date":"2018-11-12T13:11:52","date_gmt":"2018-11-12T13:11:52","guid":{"rendered":"http:\/\/5lo.lublin.pl\/?p=11000"},"modified":"2018-12-12T13:14:05","modified_gmt":"2018-12-12T13:14:05","slug":"sukcesy-w-tenisie-stolowym","status":"publish","type":"post","link":"https:\/\/5lo.lublin.pl\/?p=11000","title":{"rendered":"Sukcesy w tenisie sto\u0142owym"},"content":{"rendered":"<p>18 pa\u017adziernika odby\u0142y si\u0119 zawody w tenisie sto\u0142owym dziewcz\u0105t i ch\u0142opc\u00f3w. Uczniowie V LO ponownie pokazali si\u0119 z dobrej strony i zaj\u0119li wysokie lokaty. W\u015br\u00f3d dziewcz\u0105t uczennice klas pierwszych zaj\u0119\u0142y:<\/p>\n<p>I miejsce- Gabriela Jakoniuk z klasy IE<\/p>\n<p>II miejsce- Aleksandra Osuch z klasy IH<\/p>\n<p>W\u015br\u00f3d rywalizacji ch\u0142opc\u00f3w r\u00f3wnie\u017c nie zabrak\u0142o reprezentant\u00f3w V LO:<\/p>\n<p>III miejsce- Rados\u0142aw Chrze\u015bcian z klasy IF<\/p>\n<p>V miejsce- Hubert Rogala z klasy IID<\/p>\n<p>Gratulujemy i \u017cyczymy sukces\u00f3w na zawodach wojew\u00f3dzkich!<\/p>\n<div id=\"metaslider-id-10981\" style=\"max-width: 1099px; margin: 0 auto;\" class=\"ml-slider-3-62-0 metaslider metaslider-flex metaslider-10981 ml-slider ms-theme-default\" role=\"region\" aria-roledescription=\"Slideshow\" aria-label=\"tenis sto\u0142owy\">\n    <div id=\"metaslider_container_10981\">\n        <div id=\"metaslider_10981\" class=\"flexslider\">\n            <ul aria-live=\"polite\" class=\"slides\">\n                <li style=\"display: block; width: 100%;\" class=\"slide-10990 ms-image \" aria-roledescription=\"slide\" aria-label=\"slide-10990\"><img loading=\"lazy\" decoding=\"async\" src=\"https:\/\/5lo.lublin.pl\/wp-content\/uploads\/2018\/10\/IMG_20181018_124857-Copy-937x768.jpg\" height=\"900\" width=\"1099\" alt=\"\" class=\"slider-10981 slide-10990\" title=\"IMG_20181018_124857 (Copy)\" \/><\/li>\n                <li style=\"display: none; width: 100%;\" class=\"slide-10991 ms-image \" aria-roledescription=\"slide\" aria-label=\"slide-10991\"><img loading=\"lazy\" decoding=\"async\" src=\"https:\/\/5lo.lublin.pl\/wp-content\/uploads\/2018\/10\/IMG_20181018_130013-Copy-937x768.jpg\" height=\"900\" width=\"1099\" alt=\"\" class=\"slider-10981 slide-10991\" title=\"IMG_20181018_130013 (Copy)\" \/><\/li>\n                <li style=\"display: none; width: 100%;\" class=\"slide-10992 ms-image \" aria-roledescription=\"slide\" aria-label=\"slide-10992\"><img loading=\"lazy\" decoding=\"async\" src=\"https:\/\/5lo.lublin.pl\/wp-content\/uploads\/2018\/10\/IMG_20181018_131319-Copy-937x768.jpg\" height=\"900\" width=\"1099\" alt=\"\" class=\"slider-10981 slide-10992\" title=\"IMG_20181018_131319 (Copy)\" \/><\/li>\n                <li style=\"display: none; width: 100%;\" class=\"slide-10993 ms-image \" aria-roledescription=\"slide\" aria-label=\"slide-10993\"><img loading=\"lazy\" decoding=\"async\" src=\"https:\/\/5lo.lublin.pl\/wp-content\/uploads\/2018\/10\/IMG_20181018_142332-Copy-937x768.jpg\" height=\"900\" width=\"1099\" alt=\"\" class=\"slider-10981 slide-10993\" title=\"IMG_20181018_142332 (Copy)\" \/><\/li>\n                <li style=\"display: none; width: 100%;\" class=\"slide-10994 ms-image \" aria-roledescription=\"slide\" aria-label=\"slide-10994\"><img loading=\"lazy\" decoding=\"async\" src=\"https:\/\/5lo.lublin.pl\/wp-content\/uploads\/2018\/10\/IMG_20181018_142806-Copy-937x768.jpg\" height=\"900\" width=\"1099\" alt=\"\" class=\"slider-10981 slide-10994\" title=\"IMG_20181018_142806 (Copy)\" \/><\/li>\n                <li style=\"display: none; width: 100%;\" class=\"slide-10995 ms-image \" aria-roledescription=\"slide\" aria-label=\"slide-10995\"><img loading=\"lazy\" decoding=\"async\" src=\"https:\/\/5lo.lublin.pl\/wp-content\/uploads\/2018\/10\/IMG_20181018_150049-Copy-937x768.jpg\" height=\"900\" width=\"1099\" alt=\"\" class=\"slider-10981 slide-10995\" title=\"IMG_20181018_150049 (Copy)\" \/><\/li>\n                <li style=\"display: none; width: 100%;\" class=\"slide-10996 ms-image \" aria-roledescription=\"slide\" aria-label=\"slide-10996\"><img loading=\"lazy\" decoding=\"async\" src=\"https:\/\/5lo.lublin.pl\/wp-content\/uploads\/2018\/10\/IMG_20181018_150159-Copy-937x768.jpg\" height=\"900\" width=\"1099\" alt=\"\" class=\"slider-10981 slide-10996\" title=\"IMG_20181018_150159 (Copy)\" \/><\/li>\n                <li style=\"display: none; width: 100%;\" class=\"slide-10997 ms-image \" aria-roledescription=\"slide\" aria-label=\"slide-10997\"><img loading=\"lazy\" decoding=\"async\" src=\"https:\/\/5lo.lublin.pl\/wp-content\/uploads\/2018\/10\/IMG_20181018_150337-Copy-937x768.jpg\" height=\"900\" width=\"1099\" alt=\"\" class=\"slider-10981 slide-10997\" title=\"IMG_20181018_150337 (Copy)\" \/><\/li>\n            <\/ul>\n        <\/div>\n        \n    <\/div>\n<\/div>\n","protected":false},"excerpt":{"rendered":"<p>18 pa\u017adziernika odby\u0142y si\u0119 zawody w tenisie sto\u0142owym dziewcz\u0105t i ch\u0142opc\u00f3w. Uczniowie V LO ponownie pokazali si\u0119 z dobrej strony i zaj\u0119li wysokie lokaty. W\u015br\u00f3d dziewcz\u0105t uczennice klas pierwszych zaj\u0119\u0142y: I miejsce- Gabriela Jakoniuk z klasy IE II miejsce- Aleksandra Osuch z klasy IH W\u015br\u00f3d rywalizacji ch\u0142opc\u00f3w r\u00f3wnie\u017c nie zabrak\u0142o reprezentant\u00f3w V LO: III miejsce- [&hellip;]<\/p>\n","protected":false},"author":12,"featured_media":10988,"comment_status":"open","ping_status":"open","sticky":false,"template":"","format":"standard","meta":{"footnotes":""},"categories":[138,133],"tags":[],"_links":{"self":[{"href":"https:\/\/5lo.lublin.pl\/index.php?rest_route=\/wp\/v2\/posts\/11000"}],"collection":[{"href":"https:\/\/5lo.lublin.pl\/index.php?rest_route=\/wp\/v2\/posts"}],"about":[{"href":"https:\/\/5lo.lublin.pl\/index.php?rest_route=\/wp\/v2\/types\/post"}],"author":[{"embeddable":true,"href":"https:\/\/5lo.lublin.pl\/index.php?rest_route=\/wp\/v2\/users\/12"}],"replies":[{"embeddable":true,"href":"https:\/\/5lo.lublin.pl\/index.php?rest_route=%2Fwp%2Fv2%2Fcomments&post=11000"}],"version-history":[{"count":1,"href":"https:\/\/5lo.lublin.pl\/index.php?rest_route=\/wp\/v2\/posts\/11000\/revisions"}],"predecessor-version":[{"id":11001,"href":"https:\/\/5lo.lublin.pl\/index.php?rest_route=\/wp\/v2\/posts\/11000\/revisions\/11001"}],"wp:featuredmedia":[{"embeddable":true,"href":"https:\/\/5lo.lublin.pl\/index.php?rest_route=\/wp\/v2\/media\/10988"}],"wp:attachment":[{"href":"https:\/\/5lo.lublin.pl\/index.php?rest_route=%2Fwp%2Fv2%2Fmedia&parent=11000"}],"wp:term":[{"taxonomy":"category","embeddable":true,"href":"https:\/\/5lo.lublin.pl\/index.php?rest_route=%2Fwp%2Fv2%2Fcategories&post=11000"},{"taxonomy":"post_tag","embeddable":true,"href":"https:\/\/5lo.lublin.pl\/index.php?rest_route=%2Fwp%2Fv2%2Ftags&post=11000"}],"curies":[{"name":"wp","href":"https:\/\/api.w.org\/{rel}","templated":true}]}}