{"id":10962,"date":"2018-10-24T21:26:39","date_gmt":"2018-10-24T21:26:39","guid":{"rendered":"http:\/\/5lo.lublin.pl\/?p=10962"},"modified":"2018-10-24T21:33:49","modified_gmt":"2018-10-24T21:33:49","slug":"10962","status":"publish","type":"post","link":"https:\/\/5lo.lublin.pl\/?p=10962","title":{"rendered":"<center>Akcja charytatywna &#8222;Grosz do Grosza&#8221;<\/center>"},"content":{"rendered":"<p class=\"western\" align=\"center\"><span style=\"font-family: Times New Roman, serif;\"><span style=\"font-size: large;\"><b>Szkolne Ko\u0142o <\/b><\/span><\/span><span style=\"font-family: Times New Roman, serif;\"><span style=\"font-size: large;\"><i><b>Caritas<\/b><\/i><\/span><\/span><span style=\"font-family: Times New Roman, serif;\"><span style=\"font-size: large;\"><b> przy V LO<\/b><\/span><\/span><\/p>\n<p class=\"western\" align=\"center\"><span style=\"font-family: Times New Roman, serif;\"><span style=\"font-size: large;\"><b>zaprasza do <\/b><\/span><\/span><\/p>\n<p class=\"western\" align=\"center\"><span style=\"font-family: Times New Roman, serif;\"><span style=\"font-size: large;\"><b>wzi\u0119cia udzia\u0142u w akcji charytatywnej<\/b><\/span><\/span><\/p>\n<p class=\"western\" align=\"center\">\u201e<span style=\"font-family: Times New Roman, serif;\"><span style=\"font-size: large;\"><b>Grosz do grosza\u201d <\/b><\/span><\/span><\/p>\n<p class=\"western\" align=\"center\"><a name=\"__DdeLink__179_2104077781\"><\/a><span style=\"font-family: Times New Roman, serif;\"><span style=\"font-size: large;\"><b>w ramach programu \u201eDzwonek na obiad\u201d<\/b><\/span><\/span><\/p>\n<p class=\"western\" align=\"center\"><span style=\"color: #ff0000;\"><span style=\"font-family: Times New Roman, serif;\"><span style=\"font-size: large;\">CEL?<\/span><\/span><\/span><\/p>\n<ul>\n<li class=\"western\" style=\"text-align: center;\"><span style=\"font-family: Times New Roman, serif;\"><span style=\"font-size: large;\"><b>zbi\u00f3rka &#8222;grosik\u00f3w&#8221; na obiady dla dzieci z najbiedniejszych rodzin<\/b><\/span><\/span><\/li>\n<li class=\"western\" style=\"text-align: center;\"><span style=\"font-family: Times New Roman, serif;\"><span style=\"font-size: large;\"><b>promowanie zdrowego od\u017cywiania si\u0119<\/b><\/span><\/span><\/li>\n<\/ul>\n<p class=\"western\" align=\"center\"><span style=\"color: #ff0000;\"><span style=\"font-family: Times New Roman, serif;\"><span style=\"font-size: large;\">SPOS\u00d3B?<\/span><\/span><\/span><\/p>\n<ul>\n<li class=\"western\" style=\"text-align: center;\"><span style=\"font-family: Times New Roman, serif;\"><span style=\"font-size: large;\"><b>sprzeda\u017c ciasteczek ekologicznych, wypieczonych przez uczni\u00f3w V LO<\/b><\/span><\/span><\/li>\n<li class=\"western\" style=\"text-align: center;\"><span style=\"font-family: Times New Roman, serif;\"><span style=\"font-size: large;\"><b>sprzeda\u017c <\/b><\/span><\/span><span style=\"font-family: Times New Roman, serif;\"><span style=\"font-size: large;\"><b>jab\u0142ek<\/b><\/span><\/span><\/li>\n<\/ul>\n<p class=\"western\" align=\"center\"><span style=\"color: #ff0000;\"><span style=\"font-family: Times New Roman, serif;\"><span style=\"font-size: large;\">KIEDY?<\/span><\/span><\/span><\/p>\n<p class=\"western\" align=\"center\"><span style=\"font-family: Times New Roman, serif;\"><span style=\"font-size: large;\"><b>29-30 pa\u017adziernika 2018 (poniedzia\u0142ek-wtorek) <\/b><\/span><\/span><span style=\"font-family: Times New Roman, serif;\"><span style=\"font-size: large;\"><b>na przerwach o godz. 10:00, 10:55, 11:50, 12:50 <\/b><\/span><\/span><\/p>\n<p class=\"western\" align=\"center\"><span style=\"color: #ff0000;\"><span style=\"font-family: Times New Roman, serif;\"><span style=\"font-size: large;\">GDZIE?<\/span><\/span><\/span><\/p>\n<p class=\"western\" align=\"center\"><span style=\"font-family: Times New Roman, serif;\"><span style=\"font-size: large;\"><b>na korytarzu obok sali 111 oraz w sali 201<\/b><\/span><\/span><\/p>\n<p align=\"center\">\n<p class=\"western\" align=\"center\"><span style=\"font-family: Times New Roman, serif;\"><span style=\"font-size: large;\"><b>ZAPRASZAMY i \u017bYCZYMY SMACZNEGO<\/b><\/span><\/span><\/p>\n<p align=\"center\"><img loading=\"lazy\" decoding=\"async\" class=\"aligncenter size-medium wp-image-10975\" src=\"https:\/\/5lo.lublin.pl\/wp-content\/uploads\/2018\/10\/ciastko-213x300.jpg\" alt=\"\" width=\"413\" height=\"600\" \/><\/p>\n","protected":false},"excerpt":{"rendered":"<p>Szkolne Ko\u0142o Caritas przy V LO zaprasza do wzi\u0119cia udzia\u0142u w akcji charytatywnej \u201eGrosz do grosza\u201d w ramach programu \u201eDzwonek na obiad\u201d CEL? zbi\u00f3rka &#8222;grosik\u00f3w&#8221; na obiady dla dzieci z najbiedniejszych rodzin promowanie zdrowego od\u017cywiania si\u0119 SPOS\u00d3B? sprzeda\u017c ciasteczek ekologicznych, wypieczonych przez uczni\u00f3w V LO sprzeda\u017c jab\u0142ek KIEDY? 29-30 pa\u017adziernika 2018 (poniedzia\u0142ek-wtorek) na przerwach o [&hellip;]<\/p>\n","protected":false},"author":23,"featured_media":10965,"comment_status":"open","ping_status":"open","sticky":false,"template":"","format":"standard","meta":{"footnotes":""},"categories":[1],"tags":[],"_links":{"self":[{"href":"https:\/\/5lo.lublin.pl\/index.php?rest_route=\/wp\/v2\/posts\/10962"}],"collection":[{"href":"https:\/\/5lo.lublin.pl\/index.php?rest_route=\/wp\/v2\/posts"}],"about":[{"href":"https:\/\/5lo.lublin.pl\/index.php?rest_route=\/wp\/v2\/types\/post"}],"author":[{"embeddable":true,"href":"https:\/\/5lo.lublin.pl\/index.php?rest_route=\/wp\/v2\/users\/23"}],"replies":[{"embeddable":true,"href":"https:\/\/5lo.lublin.pl\/index.php?rest_route=%2Fwp%2Fv2%2Fcomments&post=10962"}],"version-history":[{"count":2,"href":"https:\/\/5lo.lublin.pl\/index.php?rest_route=\/wp\/v2\/posts\/10962\/revisions"}],"predecessor-version":[{"id":10976,"href":"https:\/\/5lo.lublin.pl\/index.php?rest_route=\/wp\/v2\/posts\/10962\/revisions\/10976"}],"wp:featuredmedia":[{"embeddable":true,"href":"https:\/\/5lo.lublin.pl\/index.php?rest_route=\/wp\/v2\/media\/10965"}],"wp:attachment":[{"href":"https:\/\/5lo.lublin.pl\/index.php?rest_route=%2Fwp%2Fv2%2Fmedia&parent=10962"}],"wp:term":[{"taxonomy":"category","embeddable":true,"href":"https:\/\/5lo.lublin.pl\/index.php?rest_route=%2Fwp%2Fv2%2Fcategories&post=10962"},{"taxonomy":"post_tag","embeddable":true,"href":"https:\/\/5lo.lublin.pl\/index.php?rest_route=%2Fwp%2Fv2%2Ftags&post=10962"}],"curies":[{"name":"wp","href":"https:\/\/api.w.org\/{rel}","templated":true}]}}