{"id":10958,"date":"2018-10-22T22:13:25","date_gmt":"2018-10-22T22:13:25","guid":{"rendered":"http:\/\/5lo.lublin.pl\/?p=10958"},"modified":"2018-10-22T22:13:25","modified_gmt":"2018-10-22T22:13:25","slug":"zaproszenie-na-gale-ogolnopolskiego-przegladu-poezji-xxi-jesienne-debiuty-poetyckie","status":"publish","type":"post","link":"https:\/\/5lo.lublin.pl\/?p=10958","title":{"rendered":"Zaproszenie na gal\u0119 Og\u00f3lnopolskiego Przegl\u0105du Poezji XXI Jesienne Debiuty Poetyckie"},"content":{"rendered":"<div>Zapraszamy wszystkich uczestnik\u00f3w wraz z opiekunami na gal\u0119 <strong>XXI Jesiennych Debiut\u00f3w Poetyckich,\u00a0<\/strong>kt\u00f3ra w tym roku stanowi cz\u0119\u015b\u0107 uroczysto\u015bci jubileuszowych szko\u0142y ( 70-lecie V LO w Lublinie).<\/div>\n<div>\n<p><a href=\"https:\/\/5lo.lublin.pl\/pliki\/PlakatG_XXIJDP.pdf\" target=\"_blank\" rel=\"noopener\">Plakat ze szczeg\u00f3\u0142ami w za\u0142\u0105czniku<\/a><\/p>\n<\/div>\n","protected":false},"excerpt":{"rendered":"<p>Zapraszamy wszystkich uczestnik\u00f3w wraz z opiekunami na gal\u0119 XXI Jesiennych Debiut\u00f3w Poetyckich,\u00a0kt\u00f3ra w tym roku stanowi cz\u0119\u015b\u0107 uroczysto\u015bci jubileuszowych szko\u0142y ( 70-lecie V LO w Lublinie). Plakat ze szczeg\u00f3\u0142ami w za\u0142\u0105czniku<\/p>\n","protected":false},"author":1,"featured_media":3541,"comment_status":"open","ping_status":"open","sticky":false,"template":"","format":"standard","meta":{"footnotes":""},"categories":[179,160,177,135,133],"tags":[],"_links":{"self":[{"href":"https:\/\/5lo.lublin.pl\/index.php?rest_route=\/wp\/v2\/posts\/10958"}],"collection":[{"href":"https:\/\/5lo.lublin.pl\/index.php?rest_route=\/wp\/v2\/posts"}],"about":[{"href":"https:\/\/5lo.lublin.pl\/index.php?rest_route=\/wp\/v2\/types\/post"}],"author":[{"embeddable":true,"href":"https:\/\/5lo.lublin.pl\/index.php?rest_route=\/wp\/v2\/users\/1"}],"replies":[{"embeddable":true,"href":"https:\/\/5lo.lublin.pl\/index.php?rest_route=%2Fwp%2Fv2%2Fcomments&post=10958"}],"version-history":[{"count":1,"href":"https:\/\/5lo.lublin.pl\/index.php?rest_route=\/wp\/v2\/posts\/10958\/revisions"}],"predecessor-version":[{"id":10960,"href":"https:\/\/5lo.lublin.pl\/index.php?rest_route=\/wp\/v2\/posts\/10958\/revisions\/10960"}],"wp:featuredmedia":[{"embeddable":true,"href":"https:\/\/5lo.lublin.pl\/index.php?rest_route=\/wp\/v2\/media\/3541"}],"wp:attachment":[{"href":"https:\/\/5lo.lublin.pl\/index.php?rest_route=%2Fwp%2Fv2%2Fmedia&parent=10958"}],"wp:term":[{"taxonomy":"category","embeddable":true,"href":"https:\/\/5lo.lublin.pl\/index.php?rest_route=%2Fwp%2Fv2%2Fcategories&post=10958"},{"taxonomy":"post_tag","embeddable":true,"href":"https:\/\/5lo.lublin.pl\/index.php?rest_route=%2Fwp%2Fv2%2Ftags&post=10958"}],"curies":[{"name":"wp","href":"https:\/\/api.w.org\/{rel}","templated":true}]}}