{"id":10953,"date":"2018-10-22T13:47:35","date_gmt":"2018-10-22T13:47:35","guid":{"rendered":"http:\/\/5lo.lublin.pl\/?p=10953"},"modified":"2018-10-22T13:47:35","modified_gmt":"2018-10-22T13:47:35","slug":"protokol-z-obrad-jury-ogolnopolskiego-przegladu-poezji-xxi-jesienne-debiuty-poetyckie","status":"publish","type":"post","link":"https:\/\/5lo.lublin.pl\/?p=10953","title":{"rendered":"Protok\u00f3\u0142 z obrad Jury Og\u00f3lnopolskiego Przegl\u0105du Poezji XXI Jesienne Debiuty Poetyckie"},"content":{"rendered":"<p>W dniu 9 pa\u017adziernika 2018 r. na Wydziale Nauk Humanistycznych Katolickiego Uniwersytetu Lubelskiego Jana Paw\u0142a II odby\u0142y si\u0119 obrady Jury Og\u00f3lnopolskiego Przegl\u0105du Poezji <em>XXI Jesienne Debiuty Poetyckie<\/em>.<\/p>\n<p>Protok\u00f3\u0142 w za\u0142\u0105czeniu:<\/p>\n<p><a href=\"https:\/\/5lo.lublin.pl\/pliki\/XXI_JDP_2018_protokol_1.pdf\" target=\"_blank\" rel=\"noopener\"><img loading=\"lazy\" decoding=\"async\" class=\"alignnone size-full wp-image-10954\" src=\"https:\/\/5lo.lublin.pl\/wp-content\/uploads\/2018\/10\/XXI_JDP_protkol_1.jpg\" alt=\"\" width=\"200\" height=\"275\" \/><\/a>\u00a0\u00a0\u00a0\u00a0\u00a0\u00a0\u00a0 <a href=\"https:\/\/5lo.lublin.pl\/pliki\/XXI_JDP_2018_protokol_2.pdf\" target=\"_blank\" rel=\"noopener\"><img loading=\"lazy\" decoding=\"async\" class=\"alignnone size-full wp-image-10955\" src=\"https:\/\/5lo.lublin.pl\/wp-content\/uploads\/2018\/10\/XXI_JDP_protkol_2.jpg\" alt=\"\" width=\"200\" height=\"275\" \/><\/a><\/p>\n","protected":false},"excerpt":{"rendered":"<p>W dniu 9 pa\u017adziernika 2018 r. na Wydziale Nauk Humanistycznych Katolickiego Uniwersytetu Lubelskiego Jana Paw\u0142a II odby\u0142y si\u0119 obrady Jury Og\u00f3lnopolskiego Przegl\u0105du Poezji XXI Jesienne Debiuty Poetyckie. Protok\u00f3\u0142 w za\u0142\u0105czeniu: \u00a0\u00a0\u00a0\u00a0\u00a0\u00a0\u00a0<\/p>\n","protected":false},"author":1,"featured_media":3536,"comment_status":"open","ping_status":"open","sticky":false,"template":"","format":"standard","meta":{"footnotes":""},"categories":[160,1,135,133],"tags":[],"_links":{"self":[{"href":"https:\/\/5lo.lublin.pl\/index.php?rest_route=\/wp\/v2\/posts\/10953"}],"collection":[{"href":"https:\/\/5lo.lublin.pl\/index.php?rest_route=\/wp\/v2\/posts"}],"about":[{"href":"https:\/\/5lo.lublin.pl\/index.php?rest_route=\/wp\/v2\/types\/post"}],"author":[{"embeddable":true,"href":"https:\/\/5lo.lublin.pl\/index.php?rest_route=\/wp\/v2\/users\/1"}],"replies":[{"embeddable":true,"href":"https:\/\/5lo.lublin.pl\/index.php?rest_route=%2Fwp%2Fv2%2Fcomments&post=10953"}],"version-history":[{"count":1,"href":"https:\/\/5lo.lublin.pl\/index.php?rest_route=\/wp\/v2\/posts\/10953\/revisions"}],"predecessor-version":[{"id":10957,"href":"https:\/\/5lo.lublin.pl\/index.php?rest_route=\/wp\/v2\/posts\/10953\/revisions\/10957"}],"wp:featuredmedia":[{"embeddable":true,"href":"https:\/\/5lo.lublin.pl\/index.php?rest_route=\/wp\/v2\/media\/3536"}],"wp:attachment":[{"href":"https:\/\/5lo.lublin.pl\/index.php?rest_route=%2Fwp%2Fv2%2Fmedia&parent=10953"}],"wp:term":[{"taxonomy":"category","embeddable":true,"href":"https:\/\/5lo.lublin.pl\/index.php?rest_route=%2Fwp%2Fv2%2Fcategories&post=10953"},{"taxonomy":"post_tag","embeddable":true,"href":"https:\/\/5lo.lublin.pl\/index.php?rest_route=%2Fwp%2Fv2%2Ftags&post=10953"}],"curies":[{"name":"wp","href":"https:\/\/api.w.org\/{rel}","templated":true}]}}