{"id":10858,"date":"2018-10-15T16:39:10","date_gmt":"2018-10-15T16:39:10","guid":{"rendered":"http:\/\/5lo.lublin.pl\/?p=10858"},"modified":"2018-10-19T12:10:18","modified_gmt":"2018-10-19T12:10:18","slug":"dzien-edukacji-narodowej","status":"publish","type":"post","link":"https:\/\/5lo.lublin.pl\/?p=10858","title":{"rendered":"Dzie\u0144 Edukacji Narodowej"},"content":{"rendered":"<p>Wczoraj, 14 pa\u017adziernika w ca\u0142ej Polsce obchodzony by\u0142 Dzie\u0144 Edukacji Narodowej. Z tej okazji, uczniowie naszej szko\u0142y wr\u0119czali dzi\u015b drobne podarunki oraz sk\u0142adali \u017cyczenia nauczycielom i pracownikom administracji szkolnej, a\u00a0 Samorz\u0105d Uczniowski przygotowa\u0142 zdrowy pocz\u0119stunek z\u0142o\u017cony z jab\u0142ek oraz gruszek.<\/p>\n<p>Jeszcze raz w imieniu wszystkich uczni\u00f3w, chcieliby\u015bmy \u017cyczy\u0107 Wam, nauczycielom oraz administracji, wszystkiego co najlepsze, samych sukces\u00f3w zawodowych, zdrowia oraz cierpliwo\u015bci \ud83d\ude09<\/p>\n<div id=\"metaslider-id-10841\" style=\"max-width: 1099px; margin: 0 auto;\" class=\"ml-slider-3-62-0 metaslider metaslider-flex metaslider-10841 ml-slider ms-theme-default\" role=\"region\" aria-roledescription=\"Slideshow\" aria-label=\"dzie\u0144 edukacji narodowej\">\n    <div id=\"metaslider_container_10841\">\n        <div id=\"metaslider_10841\" class=\"flexslider\">\n            <ul aria-live=\"polite\" class=\"slides\">\n                <li style=\"display: block; width: 100%;\" class=\"slide-10869 ms-image \" aria-roledescription=\"slide\" aria-label=\"slide-10869\"><img loading=\"lazy\" decoding=\"async\" src=\"https:\/\/5lo.lublin.pl\/wp-content\/uploads\/2018\/10\/IMG_7868-1-1099x900.jpg\" height=\"900\" width=\"1099\" alt=\"\" class=\"slider-10841 slide-10869\" title=\"IMG_7868\" \/><\/li>\n                <li style=\"display: none; width: 100%;\" class=\"slide-10870 ms-image \" aria-roledescription=\"slide\" aria-label=\"slide-10870\"><img loading=\"lazy\" decoding=\"async\" src=\"https:\/\/5lo.lublin.pl\/wp-content\/uploads\/2018\/10\/IMG_7873-1-1099x900.jpg\" height=\"900\" width=\"1099\" alt=\"\" class=\"slider-10841 slide-10870\" title=\"IMG_7873\" \/><\/li>\n                <li style=\"display: none; width: 100%;\" class=\"slide-10871 ms-image \" aria-roledescription=\"slide\" aria-label=\"slide-10871\"><img loading=\"lazy\" decoding=\"async\" src=\"https:\/\/5lo.lublin.pl\/wp-content\/uploads\/2018\/10\/IMG_7875-1-1099x900.jpg\" height=\"900\" width=\"1099\" alt=\"\" class=\"slider-10841 slide-10871\" title=\"IMG_7875\" \/><\/li>\n                <li style=\"display: none; width: 100%;\" class=\"slide-10872 ms-image \" aria-roledescription=\"slide\" aria-label=\"slide-10872\"><img loading=\"lazy\" decoding=\"async\" src=\"https:\/\/5lo.lublin.pl\/wp-content\/uploads\/2018\/10\/IMG_7880-1-1099x900.jpg\" height=\"900\" width=\"1099\" alt=\"\" class=\"slider-10841 slide-10872\" title=\"IMG_7880\" \/><\/li>\n                <li style=\"display: none; width: 100%;\" class=\"slide-10873 ms-image \" aria-roledescription=\"slide\" aria-label=\"slide-10873\"><img loading=\"lazy\" decoding=\"async\" src=\"https:\/\/5lo.lublin.pl\/wp-content\/uploads\/2018\/10\/IMG_7883-1-1099x900.jpg\" height=\"900\" width=\"1099\" alt=\"\" class=\"slider-10841 slide-10873\" title=\"IMG_7883\" \/><\/li>\n                <li style=\"display: none; width: 100%;\" class=\"slide-10874 ms-image \" aria-roledescription=\"slide\" aria-label=\"slide-10874\"><img loading=\"lazy\" decoding=\"async\" src=\"https:\/\/5lo.lublin.pl\/wp-content\/uploads\/2018\/10\/IMG_7884-1-1099x900.jpg\" height=\"900\" width=\"1099\" alt=\"\" class=\"slider-10841 slide-10874\" title=\"IMG_7884\" \/><\/li>\n                <li style=\"display: none; width: 100%;\" class=\"slide-10875 ms-image \" aria-roledescription=\"slide\" aria-label=\"slide-10875\"><img loading=\"lazy\" decoding=\"async\" src=\"https:\/\/5lo.lublin.pl\/wp-content\/uploads\/2018\/10\/IMG_7894-1-1099x900.jpg\" height=\"900\" width=\"1099\" alt=\"\" class=\"slider-10841 slide-10875\" title=\"IMG_7894\" \/><\/li>\n                <li style=\"display: none; width: 100%;\" class=\"slide-10876 ms-image \" aria-roledescription=\"slide\" aria-label=\"slide-10876\"><img loading=\"lazy\" decoding=\"async\" src=\"https:\/\/5lo.lublin.pl\/wp-content\/uploads\/2018\/10\/IMG_7907-1-1099x900.jpg\" height=\"900\" width=\"1099\" alt=\"\" class=\"slider-10841 slide-10876\" title=\"IMG_7907\" \/><\/li>\n            <\/ul>\n        <\/div>\n        \n    <\/div>\n<\/div>\n","protected":false},"excerpt":{"rendered":"<p>Wczoraj, 14 pa\u017adziernika w ca\u0142ej Polsce obchodzony by\u0142 Dzie\u0144 Edukacji Narodowej. Z tej okazji, uczniowie naszej szko\u0142y wr\u0119czali dzi\u015b drobne podarunki oraz sk\u0142adali \u017cyczenia nauczycielom i pracownikom administracji szkolnej, a\u00a0 Samorz\u0105d Uczniowski przygotowa\u0142 zdrowy pocz\u0119stunek z\u0142o\u017cony z jab\u0142ek oraz gruszek. Jeszcze raz w imieniu wszystkich uczni\u00f3w, chcieliby\u015bmy \u017cyczy\u0107 Wam, nauczycielom oraz administracji, wszystkiego co najlepsze, [&hellip;]<\/p>\n","protected":false},"author":12,"featured_media":10846,"comment_status":"open","ping_status":"open","sticky":false,"template":"","format":"standard","meta":{"footnotes":""},"categories":[136],"tags":[],"_links":{"self":[{"href":"https:\/\/5lo.lublin.pl\/index.php?rest_route=\/wp\/v2\/posts\/10858"}],"collection":[{"href":"https:\/\/5lo.lublin.pl\/index.php?rest_route=\/wp\/v2\/posts"}],"about":[{"href":"https:\/\/5lo.lublin.pl\/index.php?rest_route=\/wp\/v2\/types\/post"}],"author":[{"embeddable":true,"href":"https:\/\/5lo.lublin.pl\/index.php?rest_route=\/wp\/v2\/users\/12"}],"replies":[{"embeddable":true,"href":"https:\/\/5lo.lublin.pl\/index.php?rest_route=%2Fwp%2Fv2%2Fcomments&post=10858"}],"version-history":[{"count":2,"href":"https:\/\/5lo.lublin.pl\/index.php?rest_route=\/wp\/v2\/posts\/10858\/revisions"}],"predecessor-version":[{"id":10879,"href":"https:\/\/5lo.lublin.pl\/index.php?rest_route=\/wp\/v2\/posts\/10858\/revisions\/10879"}],"wp:featuredmedia":[{"embeddable":true,"href":"https:\/\/5lo.lublin.pl\/index.php?rest_route=\/wp\/v2\/media\/10846"}],"wp:attachment":[{"href":"https:\/\/5lo.lublin.pl\/index.php?rest_route=%2Fwp%2Fv2%2Fmedia&parent=10858"}],"wp:term":[{"taxonomy":"category","embeddable":true,"href":"https:\/\/5lo.lublin.pl\/index.php?rest_route=%2Fwp%2Fv2%2Fcategories&post=10858"},{"taxonomy":"post_tag","embeddable":true,"href":"https:\/\/5lo.lublin.pl\/index.php?rest_route=%2Fwp%2Fv2%2Ftags&post=10858"}],"curies":[{"name":"wp","href":"https:\/\/api.w.org\/{rel}","templated":true}]}}