{"id":10824,"date":"2018-10-10T11:19:30","date_gmt":"2018-10-10T11:19:30","guid":{"rendered":"http:\/\/5lo.lublin.pl\/?p=10824"},"modified":"2018-10-10T11:22:38","modified_gmt":"2018-10-10T11:22:38","slug":"konkurs-superczytelnik-oraz-superklasa","status":"publish","type":"post","link":"https:\/\/5lo.lublin.pl\/?p=10824","title":{"rendered":"Konkurs \u201eSuperczytelnik\u201d oraz \u201eSuperklasa\u201d"},"content":{"rendered":"<p>W Pa\u017adzierniku Miesi\u0105cu Bibliotek Szkolnych wznawiamy konkurs czytelniczy, kt\u00f3ry b\u0119dzie trwa\u0142 przez ca\u0142y rok szkolny. Zach\u0119camy do wypo\u017cyczania i czytania ksi\u0105\u017cek r\u00f3wnie\u017c spoza kanonu lektur, by rozwija\u0107 swoje zainteresowania, kszta\u0142towa\u0107 charakter i poszerza\u0107 horyzonty my\u015blowe.<\/p>\n<p>Na zwyci\u0119zc\u00f3w czekaj\u0105 atrakcyjne nagrody.<\/p>\n<p>Zach\u0119camy do rywalizacji czytelniczej!<\/p>\n","protected":false},"excerpt":{"rendered":"<p>W Pa\u017adzierniku Miesi\u0105cu Bibliotek Szkolnych wznawiamy konkurs czytelniczy, kt\u00f3ry b\u0119dzie trwa\u0142 przez ca\u0142y rok szkolny. Zach\u0119camy do wypo\u017cyczania i czytania ksi\u0105\u017cek r\u00f3wnie\u017c spoza kanonu lektur, by rozwija\u0107 swoje zainteresowania, kszta\u0142towa\u0107 charakter i poszerza\u0107 horyzonty my\u015blowe. Na zwyci\u0119zc\u00f3w czekaj\u0105 atrakcyjne nagrody. Zach\u0119camy do rywalizacji czytelniczej!<\/p>\n","protected":false},"author":145,"featured_media":10826,"comment_status":"open","ping_status":"open","sticky":false,"template":"","format":"standard","meta":{"footnotes":""},"categories":[222,1],"tags":[],"_links":{"self":[{"href":"https:\/\/5lo.lublin.pl\/index.php?rest_route=\/wp\/v2\/posts\/10824"}],"collection":[{"href":"https:\/\/5lo.lublin.pl\/index.php?rest_route=\/wp\/v2\/posts"}],"about":[{"href":"https:\/\/5lo.lublin.pl\/index.php?rest_route=\/wp\/v2\/types\/post"}],"author":[{"embeddable":true,"href":"https:\/\/5lo.lublin.pl\/index.php?rest_route=\/wp\/v2\/users\/145"}],"replies":[{"embeddable":true,"href":"https:\/\/5lo.lublin.pl\/index.php?rest_route=%2Fwp%2Fv2%2Fcomments&post=10824"}],"version-history":[{"count":2,"href":"https:\/\/5lo.lublin.pl\/index.php?rest_route=\/wp\/v2\/posts\/10824\/revisions"}],"predecessor-version":[{"id":10829,"href":"https:\/\/5lo.lublin.pl\/index.php?rest_route=\/wp\/v2\/posts\/10824\/revisions\/10829"}],"wp:featuredmedia":[{"embeddable":true,"href":"https:\/\/5lo.lublin.pl\/index.php?rest_route=\/wp\/v2\/media\/10826"}],"wp:attachment":[{"href":"https:\/\/5lo.lublin.pl\/index.php?rest_route=%2Fwp%2Fv2%2Fmedia&parent=10824"}],"wp:term":[{"taxonomy":"category","embeddable":true,"href":"https:\/\/5lo.lublin.pl\/index.php?rest_route=%2Fwp%2Fv2%2Fcategories&post=10824"},{"taxonomy":"post_tag","embeddable":true,"href":"https:\/\/5lo.lublin.pl\/index.php?rest_route=%2Fwp%2Fv2%2Ftags&post=10824"}],"curies":[{"name":"wp","href":"https:\/\/api.w.org\/{rel}","templated":true}]}}