{"id":10820,"date":"2018-10-03T11:08:34","date_gmt":"2018-10-03T11:08:34","guid":{"rendered":"http:\/\/5lo.lublin.pl\/?p=10820"},"modified":"2018-10-03T11:08:34","modified_gmt":"2018-10-03T11:08:34","slug":"drzwi-otwarte-w-poradni","status":"publish","type":"post","link":"https:\/\/5lo.lublin.pl\/?p=10820","title":{"rendered":"Drzwi otwarte w Poradni"},"content":{"rendered":"<h6>Szanowni Pa\u0144stwo,<\/h6>\n<h6 style=\"text-align: center;\">Specjalistyczna Poradnia Zawodowa w Lublinie z okazji X Og\u00f3lnopolskiego Tygodnia Kariery, organizuje w dniu 17.10.2018 r. w godzinach 8-18 &#8222;Drzwi Otwarte w Poradni&#8221;.<\/h6>\n<h6>Jest to jednodniowy dy\u017cur psycholog\u00f3w, doradc\u00f3w zawodowych w poradni. B\u0119dzie mo\u017cliwo\u015b\u0107 skorzystania z doradztwa zawodowego, bada\u0144 psychologicznych okre\u015blaj\u0105cych predyspozycje zawodowe uzyskania informacji o tendencjach na rynku pracy.<\/h6>\n<h6><\/h6>\n<h6><strong>Zesp\u00f3\u0142 Poradni nr 1 w Lublinie<\/strong><\/h6>\n<h6>Specjalistyczna Poradnia Zawodowa<\/h6>\n<h6>ul. Magnoliowa 8<\/h6>\n<h6>20-143 Lublin<br \/>\ntel.\/fax.: +48 81 747 35 26<br \/>\ntel. kom. 509 731 851<\/h6>\n","protected":false},"excerpt":{"rendered":"<p>Szanowni Pa\u0144stwo, Specjalistyczna Poradnia Zawodowa w Lublinie z okazji X Og\u00f3lnopolskiego Tygodnia Kariery, organizuje w dniu 17.10.2018 r. w godzinach 8-18 &#8222;Drzwi Otwarte w Poradni&#8221;. Jest to jednodniowy dy\u017cur psycholog\u00f3w, doradc\u00f3w zawodowych w poradni. B\u0119dzie mo\u017cliwo\u015b\u0107 skorzystania z doradztwa zawodowego, bada\u0144 psychologicznych okre\u015blaj\u0105cych predyspozycje zawodowe uzyskania informacji o tendencjach na rynku pracy. Zesp\u00f3\u0142 Poradni nr [&hellip;]<\/p>\n","protected":false},"author":9,"featured_media":0,"comment_status":"open","ping_status":"open","sticky":false,"template":"","format":"standard","meta":{"footnotes":""},"categories":[1],"tags":[],"_links":{"self":[{"href":"https:\/\/5lo.lublin.pl\/index.php?rest_route=\/wp\/v2\/posts\/10820"}],"collection":[{"href":"https:\/\/5lo.lublin.pl\/index.php?rest_route=\/wp\/v2\/posts"}],"about":[{"href":"https:\/\/5lo.lublin.pl\/index.php?rest_route=\/wp\/v2\/types\/post"}],"author":[{"embeddable":true,"href":"https:\/\/5lo.lublin.pl\/index.php?rest_route=\/wp\/v2\/users\/9"}],"replies":[{"embeddable":true,"href":"https:\/\/5lo.lublin.pl\/index.php?rest_route=%2Fwp%2Fv2%2Fcomments&post=10820"}],"version-history":[{"count":1,"href":"https:\/\/5lo.lublin.pl\/index.php?rest_route=\/wp\/v2\/posts\/10820\/revisions"}],"predecessor-version":[{"id":10822,"href":"https:\/\/5lo.lublin.pl\/index.php?rest_route=\/wp\/v2\/posts\/10820\/revisions\/10822"}],"wp:attachment":[{"href":"https:\/\/5lo.lublin.pl\/index.php?rest_route=%2Fwp%2Fv2%2Fmedia&parent=10820"}],"wp:term":[{"taxonomy":"category","embeddable":true,"href":"https:\/\/5lo.lublin.pl\/index.php?rest_route=%2Fwp%2Fv2%2Fcategories&post=10820"},{"taxonomy":"post_tag","embeddable":true,"href":"https:\/\/5lo.lublin.pl\/index.php?rest_route=%2Fwp%2Fv2%2Ftags&post=10820"}],"curies":[{"name":"wp","href":"https:\/\/api.w.org\/{rel}","templated":true}]}}