{"id":10526,"date":"2018-06-25T20:29:38","date_gmt":"2018-06-25T20:29:38","guid":{"rendered":"http:\/\/5lo.lublin.pl\/?p=10526"},"modified":"2018-06-25T20:29:38","modified_gmt":"2018-06-25T20:29:38","slug":"dzien-sportu-2018-w-vlo","status":"publish","type":"post","link":"https:\/\/5lo.lublin.pl\/?p=10526","title":{"rendered":"DZIE\u0143 SPORTU 2018 W VLO"},"content":{"rendered":"<p><span style=\"color: #993366;\">20 czerwca<\/span> uczniowie naszego liceum mieli okazj\u0119 przyst\u0105pi\u0107 do wsp\u00f3\u0142zawodnictwa sportowego zorganizowanego przez naszych ulubionych wuefist\u00f3w. Klasy zaci\u0119cie ze sob\u0105 rywalizowa\u0142y, jednak atmosfera pozosta\u0142a mi\u0142a i przyjacielska.<\/p>\n<p><span style=\"color: #993366;\">Wyniki klas pierwszych:<\/span><\/p>\n<p>I miejsce- 1F<\/p>\n<p>II miejsce- 1J<\/p>\n<p>III miejsce- 1H<\/p>\n<p>IV miejsce- 1A<\/p>\n<p><span style=\"color: #993366;\">Wyniki klas drugich:<\/span><\/p>\n<p>I miejsce- 2S<\/p>\n<p>II miejsce- 2B<\/p>\n<p>III miejsce- 2H<\/p>\n<p>Aby przypomnie\u0107 wam ten upalny dzie\u0144 pe\u0142en dobrej zabawy, prezentujemy wam ten kr\u00f3tki film.<\/p>\n<p><iframe loading=\"lazy\" width=\"848\" height=\"477\" src=\"https:\/\/www.youtube.com\/embed\/RSswlVwaaC0?feature=oembed\" frameborder=\"0\" allow=\"autoplay; encrypted-media\" allowfullscreen><\/iframe><\/p>\n","protected":false},"excerpt":{"rendered":"<p>20 czerwca uczniowie naszego liceum mieli okazj\u0119 przyst\u0105pi\u0107 do wsp\u00f3\u0142zawodnictwa sportowego zorganizowanego przez naszych ulubionych wuefist\u00f3w. Klasy zaci\u0119cie ze sob\u0105 rywalizowa\u0142y, jednak atmosfera pozosta\u0142a mi\u0142a i przyjacielska. Wyniki klas pierwszych: I miejsce- 1F II miejsce- 1J III miejsce- 1H IV miejsce- 1A Wyniki klas drugich: I miejsce- 2S II miejsce- 2B III miejsce- 2H Aby [&hellip;]<\/p>\n","protected":false},"author":12,"featured_media":0,"comment_status":"open","ping_status":"open","sticky":false,"template":"","format":"standard","meta":{"footnotes":""},"categories":[1],"tags":[],"_links":{"self":[{"href":"https:\/\/5lo.lublin.pl\/index.php?rest_route=\/wp\/v2\/posts\/10526"}],"collection":[{"href":"https:\/\/5lo.lublin.pl\/index.php?rest_route=\/wp\/v2\/posts"}],"about":[{"href":"https:\/\/5lo.lublin.pl\/index.php?rest_route=\/wp\/v2\/types\/post"}],"author":[{"embeddable":true,"href":"https:\/\/5lo.lublin.pl\/index.php?rest_route=\/wp\/v2\/users\/12"}],"replies":[{"embeddable":true,"href":"https:\/\/5lo.lublin.pl\/index.php?rest_route=%2Fwp%2Fv2%2Fcomments&post=10526"}],"version-history":[{"count":1,"href":"https:\/\/5lo.lublin.pl\/index.php?rest_route=\/wp\/v2\/posts\/10526\/revisions"}],"predecessor-version":[{"id":10527,"href":"https:\/\/5lo.lublin.pl\/index.php?rest_route=\/wp\/v2\/posts\/10526\/revisions\/10527"}],"wp:attachment":[{"href":"https:\/\/5lo.lublin.pl\/index.php?rest_route=%2Fwp%2Fv2%2Fmedia&parent=10526"}],"wp:term":[{"taxonomy":"category","embeddable":true,"href":"https:\/\/5lo.lublin.pl\/index.php?rest_route=%2Fwp%2Fv2%2Fcategories&post=10526"},{"taxonomy":"post_tag","embeddable":true,"href":"https:\/\/5lo.lublin.pl\/index.php?rest_route=%2Fwp%2Fv2%2Ftags&post=10526"}],"curies":[{"name":"wp","href":"https:\/\/api.w.org\/{rel}","templated":true}]}}