{"id":10363,"date":"2018-06-14T09:49:53","date_gmt":"2018-06-14T09:49:53","guid":{"rendered":"http:\/\/5lo.lublin.pl\/?p=10363"},"modified":"2018-06-14T09:50:38","modified_gmt":"2018-06-14T09:50:38","slug":"laureaci-olimpiad-i-konkursow-ze-szkol-ponadgimnazjalnych-spotkali-sie-z-wladzami-lublina","status":"publish","type":"post","link":"https:\/\/5lo.lublin.pl\/?p=10363","title":{"rendered":"Laureaci olimpiad i konkurs\u00f3w ze szk\u00f3\u0142 ponadgimnazjalnych spotkali si\u0119 z w\u0142adzami Lublina"},"content":{"rendered":"<p>13 czerwca 2018r w Zespole Szk\u00f3\u0142 nr.5 im. Jana Paw\u0142a II\u00a0 przy ul. Elsnera w Lublinie odby\u0142o si\u0119 spotkanie Prezydenta Miasta Lublin z laureatami i finalistami konkurs\u00f3w oraz turniej\u00f3w. W\u015br\u00f3d zaproszonych os\u00f3b znale\u017ali si\u0119 uczniowie\u00a0 oraz pan Dyrektor i nauczyciele naszej szko\u0142y.<\/p>\n<p>Gratulacje oraz stypendia od prezydenta otrzymali:<\/p>\n<p><img loading=\"lazy\" decoding=\"async\" class=\" wp-image-10365 aligncenter\" src=\"https:\/\/5lo.lublin.pl\/wp-content\/uploads\/2018\/06\/20180613_02-300x200.jpg\" alt=\"\" width=\"639\" height=\"426\" srcset=\"https:\/\/5lo.lublin.pl\/wp-content\/uploads\/2018\/06\/20180613_02-300x200.jpg 300w, https:\/\/5lo.lublin.pl\/wp-content\/uploads\/2018\/06\/20180613_02.jpg 637w\" sizes=\"(max-width: 639px) 100vw, 639px\" \/><\/p>\n<p><strong>Magdalena Antoszek<\/strong><\/p>\n<p><em>\u00a0 XXVIII Olimpiada Teologii Katolickiej \u201ePok\u00f3j i nadzieja dla Europy w nauczaniu Benedykta XVI i Franciszka\u201d \u2013 finalistka<\/em><\/p>\n<p><strong>Aleksandra Barszcz<\/strong><\/p>\n<p><em>Og\u00f3lnopolska Olimpiada Wiedzy o Unii Europejskiej \u2013 laureatka<\/em><\/p>\n<p><strong>Kacper Danielak<\/strong><\/p>\n<p><em>XI Og\u00f3lnopolska Olimpiada o Diamentowy Indeks AGH \u2013 laureat z fizyki<\/em><\/p>\n<p><strong>Oskar Lankamer<\/strong><\/p>\n<p><em>XI Og\u00f3lnopolska Olimpiada o Diamentowy Indeks AGH \u2013 finalista z fizyki<\/em><\/p>\n<p><strong>Marcin Padyjasek<\/strong><\/p>\n<p><em>\u00a0XI Og\u00f3lnopolska Olimpiada o Diamentowy Indeks AGH \u2013 finalista z fizyki<\/em><\/p>\n<p><strong>Aleksander Skubiszewski<\/strong><\/p>\n<p><em>\u00a0XI Og\u00f3lnopolska Olimpiada o Diamentowy Indeks AGH \u2013 laureat z geografii z elementami geologii<\/em><\/p>\n<p><strong>Wioleta Sosik<\/strong><\/p>\n<p><em>Olimpiada wiedzy o Bezpiecze\u0144stwie i Obronno\u015bci \u2013 finalistka<\/em><\/p>\n<p>Do olimpiad uczni\u00f3w naszej szko\u0142y przygotowywali nauczyciele:<\/p>\n<p>Joanna Mazur, Sylwia Sa\u0142\u0119gowska-Poniewozik, Magdalena Sa\u0142gut, Ryszard Kotowski, \u0141ukasz Kopytko i Ryszard Obarski.<\/p>\n","protected":false},"excerpt":{"rendered":"<p>13 czerwca 2018r w Zespole Szk\u00f3\u0142 nr.5 im. Jana Paw\u0142a II\u00a0 przy ul. Elsnera w Lublinie odby\u0142o si\u0119 spotkanie Prezydenta Miasta Lublin z laureatami i finalistami konkurs\u00f3w oraz turniej\u00f3w. W\u015br\u00f3d zaproszonych os\u00f3b znale\u017ali si\u0119 uczniowie\u00a0 oraz pan Dyrektor i nauczyciele naszej szko\u0142y. Gratulacje oraz stypendia od prezydenta otrzymali: Magdalena Antoszek \u00a0 XXVIII Olimpiada Teologii Katolickiej [&hellip;]<\/p>\n","protected":false},"author":1,"featured_media":10364,"comment_status":"open","ping_status":"open","sticky":false,"template":"","format":"standard","meta":{"footnotes":""},"categories":[179,134,133],"tags":[],"_links":{"self":[{"href":"https:\/\/5lo.lublin.pl\/index.php?rest_route=\/wp\/v2\/posts\/10363"}],"collection":[{"href":"https:\/\/5lo.lublin.pl\/index.php?rest_route=\/wp\/v2\/posts"}],"about":[{"href":"https:\/\/5lo.lublin.pl\/index.php?rest_route=\/wp\/v2\/types\/post"}],"author":[{"embeddable":true,"href":"https:\/\/5lo.lublin.pl\/index.php?rest_route=\/wp\/v2\/users\/1"}],"replies":[{"embeddable":true,"href":"https:\/\/5lo.lublin.pl\/index.php?rest_route=%2Fwp%2Fv2%2Fcomments&post=10363"}],"version-history":[{"count":1,"href":"https:\/\/5lo.lublin.pl\/index.php?rest_route=\/wp\/v2\/posts\/10363\/revisions"}],"predecessor-version":[{"id":10368,"href":"https:\/\/5lo.lublin.pl\/index.php?rest_route=\/wp\/v2\/posts\/10363\/revisions\/10368"}],"wp:featuredmedia":[{"embeddable":true,"href":"https:\/\/5lo.lublin.pl\/index.php?rest_route=\/wp\/v2\/media\/10364"}],"wp:attachment":[{"href":"https:\/\/5lo.lublin.pl\/index.php?rest_route=%2Fwp%2Fv2%2Fmedia&parent=10363"}],"wp:term":[{"taxonomy":"category","embeddable":true,"href":"https:\/\/5lo.lublin.pl\/index.php?rest_route=%2Fwp%2Fv2%2Fcategories&post=10363"},{"taxonomy":"post_tag","embeddable":true,"href":"https:\/\/5lo.lublin.pl\/index.php?rest_route=%2Fwp%2Fv2%2Ftags&post=10363"}],"curies":[{"name":"wp","href":"https:\/\/api.w.org\/{rel}","templated":true}]}}