{"id":10322,"date":"2018-06-13T06:42:19","date_gmt":"2018-06-13T06:42:19","guid":{"rendered":"http:\/\/5lo.lublin.pl\/?p=10322"},"modified":"2018-06-13T17:04:19","modified_gmt":"2018-06-13T17:04:19","slug":"xi-edycja-ankiety-co-uczniowie-mysla-na-temat-szkoly","status":"publish","type":"post","link":"https:\/\/5lo.lublin.pl\/?p=10322","title":{"rendered":"XI edycja ankiety \u201eCo uczniowie my\u015bl\u0105 na temat szko\u0142y\u201d"},"content":{"rendered":"<p><span style=\"font-size: medium;\"><strong>W roku szkolnym 2017\/2018 w naszej szkole, ju\u017c po raz jedenasty, zosta\u0142a przeprowadzona ankieta <br \/> \u201eCo uczniowie my\u015bl\u0105 na temat szko\u0142y\u201d.<\/strong><\/span><\/p>\n<p><center><span style=\"font-size: medium; color: #009900;\"><strong>Wzi\u0119li w niej udzia\u0142 uczniowie klas:<br \/>\n\u2022 II B (mat-fiz-ang),<br \/>\n\u2022 II C (biol-chem),<br \/>\n\u2022 II F (mat-geo-wos),<br \/>\n\u2022 II G (mat-biol),<br \/>\n\u2022 II H (his-wos-pol),<br \/>\n\u2022 II S (mat-biol-ang-wf).<\/strong><\/span><\/center><\/p>\n<p><span style=\"font-size: medium;\"><strong><br \/>\nAnkieta by\u0142a <strong>anonimowa<\/strong>. \u0141\u0105cznie ankiet\u0119 wype\u0142ni\u0142o <strong>140 uczni\u00f3w (kt\u00f3rzy stanowi\u0105 51% wszystkich uczni\u00f3w klas drugich VLO)<\/strong>.<\/strong><br \/>\n<\/span><br \/>\n<center><strong><img loading=\"lazy\" decoding=\"async\" class=\"alignnone size-medium wp-image-3805\" src=\"https:\/\/5lo.lublin.pl\/wp-content\/uploads\/2018\/06\/ank2.jpg\" alt=\"\" width=\"600\" height=\"600\" \/><\/strong><\/p>\n<p><center><strong><img loading=\"lazy\" decoding=\"async\" class=\"alignnone size-medium wp-image-3805\" src=\"https:\/\/5lo.lublin.pl\/wp-content\/uploads\/2018\/06\/ank3.jpg\" alt=\"\" width=\"600\" height=\"600\" \/><\/strong><\/p>\n<p><strong><img loading=\"lazy\" decoding=\"async\" class=\"alignnone size-medium wp-image-3805\" src=\"https:\/\/5lo.lublin.pl\/wp-content\/uploads\/2018\/06\/ank4.jpg\" alt=\"\" width=\"600\" height=\"600\" \/> <\/strong><\/p>\n<p><strong><img loading=\"lazy\" decoding=\"async\" class=\"alignnone size-medium wp-image-3805\" src=\"https:\/\/5lo.lublin.pl\/wp-content\/uploads\/2018\/06\/ank5.jpg\" alt=\"\" width=\"600\" height=\"600\" \/><\/strong><\/p>\n<p><strong><img loading=\"lazy\" decoding=\"async\" class=\"alignnone size-medium wp-image-3805\" src=\"https:\/\/5lo.lublin.pl\/wp-content\/uploads\/2018\/06\/ank6.jpg\" alt=\"\" width=\"600\" height=\"600\" \/><\/strong><\/p>\n<p><strong><img loading=\"lazy\" decoding=\"async\" class=\"alignnone size-medium wp-image-3805\" src=\"https:\/\/5lo.lublin.pl\/wp-content\/uploads\/2018\/06\/ank7.jpg\" alt=\"\" width=\"600\" height=\"600\" \/><\/strong><\/p>\n<p><strong><img loading=\"lazy\" decoding=\"async\" class=\"alignnone size-medium wp-image-3805\" src=\"https:\/\/5lo.lublin.pl\/wp-content\/uploads\/2018\/06\/ank12.jpg\" alt=\"\" width=\"600\" height=\"600\" \/> <\/strong><\/p>\n<p><strong><img loading=\"lazy\" decoding=\"async\" class=\"alignnone size-medium wp-image-3805\" src=\"https:\/\/5lo.lublin.pl\/wp-content\/uploads\/2018\/06\/ank13.jpg\" alt=\"\" width=\"600\" height=\"600\" \/> <\/strong><br \/>\n<\/center><\/p>\n","protected":false},"excerpt":{"rendered":"<p>W roku szkolnym 2017\/2018 w naszej szkole, ju\u017c po raz jedenasty, zosta\u0142a przeprowadzona ankieta \u201eCo uczniowie my\u015bl\u0105 na temat szko\u0142y\u201d. Wzi\u0119li w niej udzia\u0142 uczniowie klas: \u2022 II B (mat-fiz-ang), \u2022 II C (biol-chem), \u2022 II F (mat-geo-wos), \u2022 II G (mat-biol), \u2022 II H (his-wos-pol), \u2022 II S (mat-biol-ang-wf). Ankieta by\u0142a anonimowa. \u0141\u0105cznie ankiet\u0119 [&hellip;]<\/p>\n","protected":false},"author":23,"featured_media":10327,"comment_status":"open","ping_status":"open","sticky":false,"template":"","format":"standard","meta":{"footnotes":""},"categories":[1],"tags":[],"_links":{"self":[{"href":"https:\/\/5lo.lublin.pl\/index.php?rest_route=\/wp\/v2\/posts\/10322"}],"collection":[{"href":"https:\/\/5lo.lublin.pl\/index.php?rest_route=\/wp\/v2\/posts"}],"about":[{"href":"https:\/\/5lo.lublin.pl\/index.php?rest_route=\/wp\/v2\/types\/post"}],"author":[{"embeddable":true,"href":"https:\/\/5lo.lublin.pl\/index.php?rest_route=\/wp\/v2\/users\/23"}],"replies":[{"embeddable":true,"href":"https:\/\/5lo.lublin.pl\/index.php?rest_route=%2Fwp%2Fv2%2Fcomments&post=10322"}],"version-history":[{"count":1,"href":"https:\/\/5lo.lublin.pl\/index.php?rest_route=\/wp\/v2\/posts\/10322\/revisions"}],"predecessor-version":[{"id":10355,"href":"https:\/\/5lo.lublin.pl\/index.php?rest_route=\/wp\/v2\/posts\/10322\/revisions\/10355"}],"wp:featuredmedia":[{"embeddable":true,"href":"https:\/\/5lo.lublin.pl\/index.php?rest_route=\/wp\/v2\/media\/10327"}],"wp:attachment":[{"href":"https:\/\/5lo.lublin.pl\/index.php?rest_route=%2Fwp%2Fv2%2Fmedia&parent=10322"}],"wp:term":[{"taxonomy":"category","embeddable":true,"href":"https:\/\/5lo.lublin.pl\/index.php?rest_route=%2Fwp%2Fv2%2Fcategories&post=10322"},{"taxonomy":"post_tag","embeddable":true,"href":"https:\/\/5lo.lublin.pl\/index.php?rest_route=%2Fwp%2Fv2%2Ftags&post=10322"}],"curies":[{"name":"wp","href":"https:\/\/api.w.org\/{rel}","templated":true}]}}