{"id":10301,"date":"2018-06-05T08:33:11","date_gmt":"2018-06-05T08:33:11","guid":{"rendered":"http:\/\/5lo.lublin.pl\/?p=10301"},"modified":"2018-06-12T08:35:27","modified_gmt":"2018-06-12T08:35:27","slug":"podziekowania-za-zbiorke-dla-zwierzat","status":"publish","type":"post","link":"https:\/\/5lo.lublin.pl\/?p=10301","title":{"rendered":"Podzi\u0119kowania za zbi\u00f3rk\u0119 dla zwierz\u0105t"},"content":{"rendered":"<p><span style=\"font-family: Arial, sans-serif;\"><span style=\"font-size: medium;\">Serdecznie dzi\u0119kujemy uczniom i nauczycielom V LO za okazanie wsparcia naszej akcji charytatywnej dla bezdomnych zwierz\u0105t z lubelskiego schroniska przy ul. Metalurgicznej 5, kt\u00f3ra odbywa\u0142a si\u0119 w dniach od 26 lutego do 27 marca. Dzi\u0119ki zaanga\u017cowaniu wielu os\u00f3b zebrali\u015bmy ponad 130 kg karmy, 15 r\u0119cznik\u00f3w i koc\u00f3w. Szczeg\u00f3lne podzi\u0119kowania nale\u017c\u0105 si\u0119 uczniom klas 1H oraz 3C, kt\u00f3re wykaza\u0142y si\u0119 najwi\u0119kszym sercem dla zwierz\u0105t przekazuj\u0105c najwi\u0119ksz\u0105 ilo\u015b\u0107 dar\u00f3w. Zbi\u00f3rka odbywa\u0142a si\u0119 w ramach olimpiady \u201eZwolnieni z Teorii\u201d, pod opiek\u0105 prof. Ryszarda Kotowskiego.<\/span><\/span><\/p>\n<p align=\"right\"><a name=\"_GoBack\"><\/a> <span style=\"font-family: Arial, sans-serif;\"><span style=\"font-size: medium;\">Uczennice klasy 1D<\/span><\/span><\/p>\n<p style=\"text-align: left;\" align=\"right\"><div id=\"metaslider-id-10311\" style=\"max-width: 1100px; margin: 0 auto;\" class=\"ml-slider-3-62-0 metaslider metaslider-flex metaslider-10311 ml-slider ms-theme-default\" role=\"region\" aria-roledescription=\"Slideshow\" aria-label=\"zbiorka dla zwierz\u0105t\">\n    <div id=\"metaslider_container_10311\">\n        <div id=\"metaslider_10311\" class=\"flexslider\">\n            <ul aria-live=\"polite\" class=\"slides\">\n                <li style=\"display: block; width: 100%;\" class=\"slide-10312 ms-image \" aria-roledescription=\"slide\" aria-label=\"slide-10312\"><img loading=\"lazy\" decoding=\"async\" src=\"https:\/\/5lo.lublin.pl\/wp-content\/uploads\/2018\/06\/schronisko-1100x900.jpg\" height=\"900\" width=\"1100\" alt=\"\" class=\"slider-10311 slide-10312\" title=\"bty\" \/><div class=\"caption-wrap\"><div class=\"caption\">bty<\/div><\/div><\/li>\n                <li style=\"display: none; width: 100%;\" class=\"slide-10313 ms-image \" aria-roledescription=\"slide\" aria-label=\"slide-10313\"><img loading=\"lazy\" decoding=\"async\" src=\"https:\/\/5lo.lublin.pl\/wp-content\/uploads\/2018\/06\/schronisko-2-1100x900.jpg\" height=\"900\" width=\"1100\" alt=\"\" class=\"slider-10311 slide-10313\" title=\"bdr\" \/><div class=\"caption-wrap\"><div class=\"caption\">bdr<\/div><\/div><\/li>\n                <li style=\"display: none; width: 100%;\" class=\"slide-10314 ms-image \" aria-roledescription=\"slide\" aria-label=\"slide-10314\"><img loading=\"lazy\" decoding=\"async\" src=\"https:\/\/5lo.lublin.pl\/wp-content\/uploads\/2018\/06\/darczy\u0144cy-440x360.jpeg\" height=\"900\" width=\"1100\" alt=\"\" class=\"slider-10311 slide-10314\" title=\"darczy\u0144cy\" \/><\/li>\n            <\/ul>\n        <\/div>\n        \n    <\/div>\n<\/div>\n<p>&nbsp;<\/p>\n<p>bty<\/p>\n","protected":false},"excerpt":{"rendered":"<p>Serdecznie dzi\u0119kujemy uczniom i nauczycielom V LO za okazanie wsparcia naszej akcji charytatywnej dla bezdomnych zwierz\u0105t z lubelskiego schroniska przy ul. Metalurgicznej 5, kt\u00f3ra odbywa\u0142a si\u0119 w dniach od 26 lutego do 27 marca. Dzi\u0119ki zaanga\u017cowaniu wielu os\u00f3b zebrali\u015bmy ponad 130 kg karmy, 15 r\u0119cznik\u00f3w i koc\u00f3w. Szczeg\u00f3lne podzi\u0119kowania nale\u017c\u0105 si\u0119 uczniom klas 1H oraz [&hellip;]<\/p>\n","protected":false},"author":12,"featured_media":10307,"comment_status":"open","ping_status":"open","sticky":false,"template":"","format":"standard","meta":{"footnotes":""},"categories":[135,133],"tags":[],"_links":{"self":[{"href":"https:\/\/5lo.lublin.pl\/index.php?rest_route=\/wp\/v2\/posts\/10301"}],"collection":[{"href":"https:\/\/5lo.lublin.pl\/index.php?rest_route=\/wp\/v2\/posts"}],"about":[{"href":"https:\/\/5lo.lublin.pl\/index.php?rest_route=\/wp\/v2\/types\/post"}],"author":[{"embeddable":true,"href":"https:\/\/5lo.lublin.pl\/index.php?rest_route=\/wp\/v2\/users\/12"}],"replies":[{"embeddable":true,"href":"https:\/\/5lo.lublin.pl\/index.php?rest_route=%2Fwp%2Fv2%2Fcomments&post=10301"}],"version-history":[{"count":1,"href":"https:\/\/5lo.lublin.pl\/index.php?rest_route=\/wp\/v2\/posts\/10301\/revisions"}],"predecessor-version":[{"id":10315,"href":"https:\/\/5lo.lublin.pl\/index.php?rest_route=\/wp\/v2\/posts\/10301\/revisions\/10315"}],"wp:featuredmedia":[{"embeddable":true,"href":"https:\/\/5lo.lublin.pl\/index.php?rest_route=\/wp\/v2\/media\/10307"}],"wp:attachment":[{"href":"https:\/\/5lo.lublin.pl\/index.php?rest_route=%2Fwp%2Fv2%2Fmedia&parent=10301"}],"wp:term":[{"taxonomy":"category","embeddable":true,"href":"https:\/\/5lo.lublin.pl\/index.php?rest_route=%2Fwp%2Fv2%2Fcategories&post=10301"},{"taxonomy":"post_tag","embeddable":true,"href":"https:\/\/5lo.lublin.pl\/index.php?rest_route=%2Fwp%2Fv2%2Ftags&post=10301"}],"curies":[{"name":"wp","href":"https:\/\/api.w.org\/{rel}","templated":true}]}}