{"id":10001,"date":"2018-04-16T13:15:59","date_gmt":"2018-04-16T13:15:59","guid":{"rendered":"http:\/\/5lo.lublin.pl\/?p=10001"},"modified":"2018-04-16T13:15:59","modified_gmt":"2018-04-16T13:15:59","slug":"4-lubelska-druzyna-wedrownicza-czarna-czworka-im-hetmana-jana-zamoyskiego-zaprasza","status":"publish","type":"post","link":"https:\/\/5lo.lublin.pl\/?p=10001","title":{"rendered":"4 Lubelska Dru\u017cyna W\u0119drownicza &#8222;Czarna Czw\u00f3rka&#8221; im. Hetmana Jana Zamoyskiego zaprasza"},"content":{"rendered":"<div dir=\"ltr\">\n<div>\n<div style=\"font-size: small; text-decoration: none; font-family: 'Calibri'; font-weight: normal; color: #000000; font-style: normal; display: inline;\">\n<div id=\"divtagdefaultwrapper\" dir=\"ltr\" style=\"font-size: 12pt; font-family: calibri,helvetica,sans-serif; color: #000000;\">\n<p>Dzie\u0144 dobry!<\/p>\n<p>Zwracam si\u0119 z pro\u015bb\u0105 o umieszczenie na stronie szko\u0142y informacji o naborze do dru\u017cyny w\u0119drowniczej, zrzeszaj\u0105cej m\u0142odzie\u017c w wieku 16-21 lat.<\/p>\n<p>Jestem instruktorem ZHP i dru\u017cynow\u0105 4 Lubelskiej Dru\u017cyny W\u0119drowniczej &#8222;Czarna Czw\u00f3rka&#8221; im. Hetmana Jana Zamoyskiego.<\/p>\n<div style=\"font-size: 16px; font-family: calibri, helvetica, sans-serif;\"><\/div>\n<div id=\"Signature\">\n<div id=\"divtagdefaultwrapper\" dir=\"ltr\" style=\"font-size: 12pt; font-family: calibri,helvetica,sans-serif; color: #000000;\">\n<div>Pozdrawiam,<br \/>\npwd. Emilia Dziechciarz HO<br \/>\nDru\u017cynowa 4 Lubelskiej Dru\u017cyny W\u0119drowniczej<\/div>\n<div>&#8222;Czarna Czw\u00f3rka&#8221; im. Hetmana Jana Zamoyskiego<\/div>\n<\/div>\n<\/div>\n<\/div>\n<\/div>\n<\/div>\n<\/div>\n","protected":false},"excerpt":{"rendered":"<p>Dzie\u0144 dobry! Zwracam si\u0119 z pro\u015bb\u0105 o umieszczenie na stronie szko\u0142y informacji o naborze do dru\u017cyny w\u0119drowniczej, zrzeszaj\u0105cej m\u0142odzie\u017c w wieku 16-21 lat. Jestem instruktorem ZHP i dru\u017cynow\u0105 4 Lubelskiej Dru\u017cyny W\u0119drowniczej &#8222;Czarna Czw\u00f3rka&#8221; im. Hetmana Jana Zamoyskiego. Pozdrawiam, pwd. Emilia Dziechciarz HO Dru\u017cynowa 4 Lubelskiej Dru\u017cyny W\u0119drowniczej &#8222;Czarna Czw\u00f3rka&#8221; im. Hetmana Jana Zamoyskiego<\/p>\n","protected":false},"author":1,"featured_media":10002,"comment_status":"open","ping_status":"open","sticky":false,"template":"","format":"standard","meta":{"footnotes":""},"categories":[1],"tags":[],"_links":{"self":[{"href":"https:\/\/5lo.lublin.pl\/index.php?rest_route=\/wp\/v2\/posts\/10001"}],"collection":[{"href":"https:\/\/5lo.lublin.pl\/index.php?rest_route=\/wp\/v2\/posts"}],"about":[{"href":"https:\/\/5lo.lublin.pl\/index.php?rest_route=\/wp\/v2\/types\/post"}],"author":[{"embeddable":true,"href":"https:\/\/5lo.lublin.pl\/index.php?rest_route=\/wp\/v2\/users\/1"}],"replies":[{"embeddable":true,"href":"https:\/\/5lo.lublin.pl\/index.php?rest_route=%2Fwp%2Fv2%2Fcomments&post=10001"}],"version-history":[{"count":1,"href":"https:\/\/5lo.lublin.pl\/index.php?rest_route=\/wp\/v2\/posts\/10001\/revisions"}],"predecessor-version":[{"id":10003,"href":"https:\/\/5lo.lublin.pl\/index.php?rest_route=\/wp\/v2\/posts\/10001\/revisions\/10003"}],"wp:featuredmedia":[{"embeddable":true,"href":"https:\/\/5lo.lublin.pl\/index.php?rest_route=\/wp\/v2\/media\/10002"}],"wp:attachment":[{"href":"https:\/\/5lo.lublin.pl\/index.php?rest_route=%2Fwp%2Fv2%2Fmedia&parent=10001"}],"wp:term":[{"taxonomy":"category","embeddable":true,"href":"https:\/\/5lo.lublin.pl\/index.php?rest_route=%2Fwp%2Fv2%2Fcategories&post=10001"},{"taxonomy":"post_tag","embeddable":true,"href":"https:\/\/5lo.lublin.pl\/index.php?rest_route=%2Fwp%2Fv2%2Ftags&post=10001"}],"curies":[{"name":"wp","href":"https:\/\/api.w.org\/{rel}","templated":true}]}}